{"id":35446,"date":"2026-09-02T11:54:27","date_gmt":"2026-09-02T11:54:27","guid":{"rendered":"https:\/\/www.aguarda.es\/?p=35446"},"modified":"2026-09-04T11:56:16","modified_gmt":"2026-09-04T11:56:16","slug":"o-xvii-torneo-de-cachiza-regresa-este-sabado-a-guarda-como-unha-das-citas-mais-tradicionais-da-festa-das-mercedes-2026","status":"publish","type":"post","link":"https:\/\/www.aguarda.es\/en\/o-xvii-torneo-de-cachiza-regresa-este-sabado-a-guarda-como-unha-das-citas-mais-tradicionais-da-festa-das-mercedes-2026\/","title":{"rendered":"O XVII Torneo de Cachiza regresa este s\u00e1bado \u00e1 Guarda como unha das citas m\u00e1is tradicionais da Festa das Mercedes 2026"},"content":{"rendered":"<p>A programaci\u00f3n da Festa das Mercedes 2026 contin\u00faa este s\u00e1bado, 5 de setembro, no Concello da Guarda cunha das citas deportivas e tradicionais m\u00e1is agardadas: o XVII Torneo de Cachiza, que se desenvolver\u00e1 a partir das 16:00 horas na r\u00faa As Pozas, na G\u00e1ndara.<\/p>\n<p>A actividade est\u00e1 organizada pola Asociaci\u00f3n de Veci\u00f1os O Percamino, que alcanza xa a d\u00e9cimo s\u00e9tima edici\u00f3n deste torneo, consolidado como unha das propostas de car\u00e1cter popular que forman parte da programaci\u00f3n festiva e que contrib\u00faen a manter vivas as tradici\u00f3ns.<\/p>\n<p>As persoas interesadas en participar poder\u00e1n facelo por parellas, cunha cota de inscrici\u00f3n de 10 euros por parella. As inscrici\u00f3ns permanecer\u00e1n abertas ata as 15:30 horas do propio s\u00e1bado, polo que os participantes deber\u00e1n formalizar a s\u00faa inscrici\u00f3n antes do inicio da competici\u00f3n.<\/p>\n<p>O torneo contar\u00e1 tam\u00e9n con premios para as d\u00faas primeiras parellas clasificadas, que recibir\u00e1n trofeo e unha cea como reco\u00f1ecemento ao seu resultado na competici\u00f3n.<\/p>\n<p>Para obter m\u00e1is informaci\u00f3n sobre o torneo ou as inscrici\u00f3ns, as persoas interesadas poden contactar cos tel\u00e9fonos 669 031 798 (Tebi) e 680 340 784 (Roge).<\/p>\n","protected":false},"excerpt":{"rendered":"<p>A programaci\u00f3n da Festa das Mercedes 2026 contin\u00faa este s\u00e1bado, 5 de setembro, no Concello da Guarda cunha das citas deportivas e tradicionais m\u00e1is agardadas: o XVII Torneo de Cachiza, que se desenvolver\u00e1 a partir das 16:00 horas na r\u00faa &hellip; <\/p>\n","protected":false},"author":2,"featured_media":35447,"comment_status":"closed","ping_status":"closed","sticky":false,"template":"","format":"standard","meta":{"inline_featured_image":false,"footnotes":""},"categories":[34],"tags":[],"class_list":["post-35446","post","type-post","status-publish","format-standard","has-post-thumbnail","hentry","category-cultura"],"yoast_head":"<!-- This site is optimized with the Yoast SEO plugin v28.4 - https:\/\/yoast.com\/product\/yoast-seo-wordpress\/ -->\n<title>O XVII Torneo de Cachiza regresa este s\u00e1bado \u00e1 Guarda como unha das citas m\u00e1is tradicionais da Festa das Mercedes 2026 - Concello da Guarda<\/title>\n<meta name=\"robots\" content=\"index, follow, max-snippet:-1, max-image-preview:large, max-video-preview:-1\" \/>\n<link rel=\"canonical\" href=\"https:\/\/www.aguarda.es\/en\/o-xvii-torneo-de-cachiza-regresa-este-sabado-a-guarda-como-unha-das-citas-mais-tradicionais-da-festa-das-mercedes-2026\/\" \/>\n<meta property=\"og:locale\" content=\"en_US\" \/>\n<meta property=\"og:type\" content=\"article\" \/>\n<meta property=\"og:title\" content=\"O XVII Torneo de Cachiza regresa este s\u00e1bado \u00e1 Guarda como unha das citas m\u00e1is tradicionais da Festa das Mercedes 2026 - Concello da Guarda\" \/>\n<meta property=\"og:description\" content=\"A programaci\u00f3n da Festa das Mercedes 2026 contin\u00faa este s\u00e1bado, 5 de setembro, no Concello da Guarda cunha das citas deportivas e tradicionais m\u00e1is agardadas: o XVII Torneo de Cachiza, que se desenvolver\u00e1 a partir das 16:00 horas na r\u00faa &hellip;\" \/>\n<meta property=\"og:url\" content=\"https:\/\/www.aguarda.es\/en\/o-xvii-torneo-de-cachiza-regresa-este-sabado-a-guarda-como-unha-das-citas-mais-tradicionais-da-festa-das-mercedes-2026\/\" \/>\n<meta property=\"og:site_name\" content=\"Concello da Guarda\" \/>\n<meta property=\"article:publisher\" content=\"https:\/\/www.facebook.com\/ConcellodaGuarda\" \/>\n<meta property=\"article:published_time\" content=\"2026-09-02T11:54:27+00:00\" \/>\n<meta property=\"article:modified_time\" content=\"2026-09-04T11:56:16+00:00\" \/>\n<meta property=\"og:image\" content=\"https:\/\/www.aguarda.es\/wp-content\/uploads\/2026\/09\/790147084_1743499573588301_461232061176174782_n.jpg?_t=1788522976\" \/>\n\t<meta property=\"og:image:width\" content=\"1080\" \/>\n\t<meta property=\"og:image:height\" content=\"1350\" \/>\n\t<meta property=\"og:image:type\" content=\"image\/jpeg\" \/>\n<meta name=\"author\" content=\"prensa\" \/>\n<meta name=\"twitter:card\" content=\"summary_large_image\" \/>\n<meta name=\"twitter:creator\" content=\"@AGuarda_es\" \/>\n<meta name=\"twitter:site\" content=\"@AGuarda_es\" \/>\n<meta name=\"twitter:label1\" content=\"Written by\" \/>\n\t<meta name=\"twitter:data1\" content=\"prensa\" \/>\n\t<meta name=\"twitter:label2\" content=\"Est. reading time\" \/>\n\t<meta name=\"twitter:data2\" content=\"2 minutes\" \/>\n<script type=\"application\/ld+json\" class=\"yoast-schema-graph\">{\"@context\":\"https:\\\/\\\/schema.org\",\"@graph\":[{\"@type\":\"Article\",\"@id\":\"https:\\\/\\\/www.aguarda.es\\\/en\\\/o-xvii-torneo-de-cachiza-regresa-este-sabado-a-guarda-como-unha-das-citas-mais-tradicionais-da-festa-das-mercedes-2026\\\/#article\",\"isPartOf\":{\"@id\":\"https:\\\/\\\/www.aguarda.es\\\/en\\\/o-xvii-torneo-de-cachiza-regresa-este-sabado-a-guarda-como-unha-das-citas-mais-tradicionais-da-festa-das-mercedes-2026\\\/\"},\"author\":{\"name\":\"prensa\",\"@id\":\"https:\\\/\\\/www.aguarda.es\\\/en\\\/#\\\/schema\\\/person\\\/c463ca3006858ffb349d11179d044f21\"},\"headline\":\"O XVII Torneo de Cachiza regresa este s\u00e1bado \u00e1 Guarda como unha das citas m\u00e1is tradicionais da Festa das Mercedes 2026\",\"datePublished\":\"2026-09-02T11:54:27+00:00\",\"dateModified\":\"2026-09-04T11:56:16+00:00\",\"mainEntityOfPage\":{\"@id\":\"https:\\\/\\\/www.aguarda.es\\\/en\\\/o-xvii-torneo-de-cachiza-regresa-este-sabado-a-guarda-como-unha-das-citas-mais-tradicionais-da-festa-das-mercedes-2026\\\/\"},\"wordCount\":222,\"image\":{\"@id\":\"https:\\\/\\\/www.aguarda.es\\\/en\\\/o-xvii-torneo-de-cachiza-regresa-este-sabado-a-guarda-como-unha-das-citas-mais-tradicionais-da-festa-das-mercedes-2026\\\/#primaryimage\"},\"thumbnailUrl\":\"https:\\\/\\\/www.aguarda.es\\\/wp-content\\\/uploads\\\/2026\\\/09\\\/790147084_1743499573588301_461232061176174782_n.jpg\",\"articleSection\":[\"Cultura\"],\"inLanguage\":\"en-US\"},{\"@type\":\"WebPage\",\"@id\":\"https:\\\/\\\/www.aguarda.es\\\/en\\\/o-xvii-torneo-de-cachiza-regresa-este-sabado-a-guarda-como-unha-das-citas-mais-tradicionais-da-festa-das-mercedes-2026\\\/\",\"url\":\"https:\\\/\\\/www.aguarda.es\\\/en\\\/o-xvii-torneo-de-cachiza-regresa-este-sabado-a-guarda-como-unha-das-citas-mais-tradicionais-da-festa-das-mercedes-2026\\\/\",\"name\":\"O XVII Torneo de Cachiza regresa este s\u00e1bado \u00e1 Guarda como unha das citas m\u00e1is tradicionais da Festa das Mercedes 2026 - Concello da Guarda\",\"isPartOf\":{\"@id\":\"https:\\\/\\\/www.aguarda.es\\\/en\\\/#website\"},\"primaryImageOfPage\":{\"@id\":\"https:\\\/\\\/www.aguarda.es\\\/en\\\/o-xvii-torneo-de-cachiza-regresa-este-sabado-a-guarda-como-unha-das-citas-mais-tradicionais-da-festa-das-mercedes-2026\\\/#primaryimage\"},\"image\":{\"@id\":\"https:\\\/\\\/www.aguarda.es\\\/en\\\/o-xvii-torneo-de-cachiza-regresa-este-sabado-a-guarda-como-unha-das-citas-mais-tradicionais-da-festa-das-mercedes-2026\\\/#primaryimage\"},\"thumbnailUrl\":\"https:\\\/\\\/www.aguarda.es\\\/wp-content\\\/uploads\\\/2026\\\/09\\\/790147084_1743499573588301_461232061176174782_n.jpg\",\"datePublished\":\"2026-09-02T11:54:27+00:00\",\"dateModified\":\"2026-09-04T11:56:16+00:00\",\"author\":{\"@id\":\"https:\\\/\\\/www.aguarda.es\\\/en\\\/#\\\/schema\\\/person\\\/c463ca3006858ffb349d11179d044f21\"},\"breadcrumb\":{\"@id\":\"https:\\\/\\\/www.aguarda.es\\\/en\\\/o-xvii-torneo-de-cachiza-regresa-este-sabado-a-guarda-como-unha-das-citas-mais-tradicionais-da-festa-das-mercedes-2026\\\/#breadcrumb\"},\"inLanguage\":\"en-US\",\"potentialAction\":[{\"@type\":\"ReadAction\",\"target\":[\"https:\\\/\\\/www.aguarda.es\\\/en\\\/o-xvii-torneo-de-cachiza-regresa-este-sabado-a-guarda-como-unha-das-citas-mais-tradicionais-da-festa-das-mercedes-2026\\\/\"]}]},{\"@type\":\"ImageObject\",\"inLanguage\":\"en-US\",\"@id\":\"https:\\\/\\\/www.aguarda.es\\\/en\\\/o-xvii-torneo-de-cachiza-regresa-este-sabado-a-guarda-como-unha-das-citas-mais-tradicionais-da-festa-das-mercedes-2026\\\/#primaryimage\",\"url\":\"https:\\\/\\\/www.aguarda.es\\\/wp-content\\\/uploads\\\/2026\\\/09\\\/790147084_1743499573588301_461232061176174782_n.jpg\",\"contentUrl\":\"https:\\\/\\\/www.aguarda.es\\\/wp-content\\\/uploads\\\/2026\\\/09\\\/790147084_1743499573588301_461232061176174782_n.jpg\",\"width\":1080,\"height\":1350},{\"@type\":\"BreadcrumbList\",\"@id\":\"https:\\\/\\\/www.aguarda.es\\\/en\\\/o-xvii-torneo-de-cachiza-regresa-este-sabado-a-guarda-como-unha-das-citas-mais-tradicionais-da-festa-das-mercedes-2026\\\/#breadcrumb\",\"itemListElement\":[{\"@type\":\"ListItem\",\"position\":1,\"name\":\"Portada\",\"item\":\"https:\\\/\\\/www.aguarda.es\\\/en\\\/\"},{\"@type\":\"ListItem\",\"position\":2,\"name\":\"O XVII Torneo de Cachiza regresa este s\u00e1bado \u00e1 Guarda como unha das citas m\u00e1is tradicionais da Festa das Mercedes 2026\"}]},{\"@type\":\"WebSite\",\"@id\":\"https:\\\/\\\/www.aguarda.es\\\/en\\\/#website\",\"url\":\"https:\\\/\\\/www.aguarda.es\\\/en\\\/\",\"name\":\"Concello da Guarda\",\"description\":\"P\u00e1xina web do concello da Guarda\",\"potentialAction\":[{\"@type\":\"SearchAction\",\"target\":{\"@type\":\"EntryPoint\",\"urlTemplate\":\"https:\\\/\\\/www.aguarda.es\\\/en\\\/?s={search_term_string}\"},\"query-input\":{\"@type\":\"PropertyValueSpecification\",\"valueRequired\":true,\"valueName\":\"search_term_string\"}}],\"inLanguage\":\"en-US\"},{\"@type\":\"Person\",\"@id\":\"https:\\\/\\\/www.aguarda.es\\\/en\\\/#\\\/schema\\\/person\\\/c463ca3006858ffb349d11179d044f21\",\"name\":\"prensa\",\"image\":{\"@type\":\"ImageObject\",\"inLanguage\":\"en-US\",\"@id\":\"https:\\\/\\\/secure.gravatar.com\\\/avatar\\\/387e117f874ba5d0a3439060b45d914395d77287b2e4890a49d1599fc3ef9189?s=96&d=mm&r=g\",\"url\":\"https:\\\/\\\/secure.gravatar.com\\\/avatar\\\/387e117f874ba5d0a3439060b45d914395d77287b2e4890a49d1599fc3ef9189?s=96&d=mm&r=g\",\"contentUrl\":\"https:\\\/\\\/secure.gravatar.com\\\/avatar\\\/387e117f874ba5d0a3439060b45d914395d77287b2e4890a49d1599fc3ef9189?s=96&d=mm&r=g\",\"caption\":\"prensa\"},\"url\":\"https:\\\/\\\/www.aguarda.es\\\/en\\\/author\\\/prensa\\\/\"}]}<\/script>\n<!-- \/ Yoast SEO plugin. -->","yoast_head_json":{"title":"O XVII Torneo de Cachiza regresa este s\u00e1bado \u00e1 Guarda como unha das citas m\u00e1is tradicionais da Festa das Mercedes 2026 - Concello da Guarda","robots":{"index":"index","follow":"follow","max-snippet":"max-snippet:-1","max-image-preview":"max-image-preview:large","max-video-preview":"max-video-preview:-1"},"canonical":"https:\/\/www.aguarda.es\/en\/o-xvii-torneo-de-cachiza-regresa-este-sabado-a-guarda-como-unha-das-citas-mais-tradicionais-da-festa-das-mercedes-2026\/","og_locale":"en_US","og_type":"article","og_title":"O XVII Torneo de Cachiza regresa este s\u00e1bado \u00e1 Guarda como unha das citas m\u00e1is tradicionais da Festa das Mercedes 2026 - Concello da Guarda","og_description":"A programaci\u00f3n da Festa das Mercedes 2026 contin\u00faa este s\u00e1bado, 5 de setembro, no Concello da Guarda cunha das citas deportivas e tradicionais m\u00e1is agardadas: o XVII Torneo de Cachiza, que se desenvolver\u00e1 a partir das 16:00 horas na r\u00faa &hellip;","og_url":"https:\/\/www.aguarda.es\/en\/o-xvii-torneo-de-cachiza-regresa-este-sabado-a-guarda-como-unha-das-citas-mais-tradicionais-da-festa-das-mercedes-2026\/","og_site_name":"Concello da Guarda","article_publisher":"https:\/\/www.facebook.com\/ConcellodaGuarda","article_published_time":"2026-09-02T11:54:27+00:00","article_modified_time":"2026-09-04T11:56:16+00:00","og_image":[{"width":1080,"height":1350,"url":"https:\/\/www.aguarda.es\/wp-content\/uploads\/2026\/09\/790147084_1743499573588301_461232061176174782_n.jpg?_t=1788522976","type":"image\/jpeg"}],"author":"prensa","twitter_card":"summary_large_image","twitter_creator":"@AGuarda_es","twitter_site":"@AGuarda_es","twitter_misc":{"Written by":"prensa","Est. reading time":"2 minutes"},"schema":{"@context":"https:\/\/schema.org","@graph":[{"@type":"Article","@id":"https:\/\/www.aguarda.es\/en\/o-xvii-torneo-de-cachiza-regresa-este-sabado-a-guarda-como-unha-das-citas-mais-tradicionais-da-festa-das-mercedes-2026\/#article","isPartOf":{"@id":"https:\/\/www.aguarda.es\/en\/o-xvii-torneo-de-cachiza-regresa-este-sabado-a-guarda-como-unha-das-citas-mais-tradicionais-da-festa-das-mercedes-2026\/"},"author":{"name":"prensa","@id":"https:\/\/www.aguarda.es\/en\/#\/schema\/person\/c463ca3006858ffb349d11179d044f21"},"headline":"O XVII Torneo de Cachiza regresa este s\u00e1bado \u00e1 Guarda como unha das citas m\u00e1is tradicionais da Festa das Mercedes 2026","datePublished":"2026-09-02T11:54:27+00:00","dateModified":"2026-09-04T11:56:16+00:00","mainEntityOfPage":{"@id":"https:\/\/www.aguarda.es\/en\/o-xvii-torneo-de-cachiza-regresa-este-sabado-a-guarda-como-unha-das-citas-mais-tradicionais-da-festa-das-mercedes-2026\/"},"wordCount":222,"image":{"@id":"https:\/\/www.aguarda.es\/en\/o-xvii-torneo-de-cachiza-regresa-este-sabado-a-guarda-como-unha-das-citas-mais-tradicionais-da-festa-das-mercedes-2026\/#primaryimage"},"thumbnailUrl":"https:\/\/www.aguarda.es\/wp-content\/uploads\/2026\/09\/790147084_1743499573588301_461232061176174782_n.jpg","articleSection":["Cultura"],"inLanguage":"en-US"},{"@type":"WebPage","@id":"https:\/\/www.aguarda.es\/en\/o-xvii-torneo-de-cachiza-regresa-este-sabado-a-guarda-como-unha-das-citas-mais-tradicionais-da-festa-das-mercedes-2026\/","url":"https:\/\/www.aguarda.es\/en\/o-xvii-torneo-de-cachiza-regresa-este-sabado-a-guarda-como-unha-das-citas-mais-tradicionais-da-festa-das-mercedes-2026\/","name":"O XVII Torneo de Cachiza regresa este s\u00e1bado \u00e1 Guarda como unha das citas m\u00e1is tradicionais da Festa das Mercedes 2026 - Concello da Guarda","isPartOf":{"@id":"https:\/\/www.aguarda.es\/en\/#website"},"primaryImageOfPage":{"@id":"https:\/\/www.aguarda.es\/en\/o-xvii-torneo-de-cachiza-regresa-este-sabado-a-guarda-como-unha-das-citas-mais-tradicionais-da-festa-das-mercedes-2026\/#primaryimage"},"image":{"@id":"https:\/\/www.aguarda.es\/en\/o-xvii-torneo-de-cachiza-regresa-este-sabado-a-guarda-como-unha-das-citas-mais-tradicionais-da-festa-das-mercedes-2026\/#primaryimage"},"thumbnailUrl":"https:\/\/www.aguarda.es\/wp-content\/uploads\/2026\/09\/790147084_1743499573588301_461232061176174782_n.jpg","datePublished":"2026-09-02T11:54:27+00:00","dateModified":"2026-09-04T11:56:16+00:00","author":{"@id":"https:\/\/www.aguarda.es\/en\/#\/schema\/person\/c463ca3006858ffb349d11179d044f21"},"breadcrumb":{"@id":"https:\/\/www.aguarda.es\/en\/o-xvii-torneo-de-cachiza-regresa-este-sabado-a-guarda-como-unha-das-citas-mais-tradicionais-da-festa-das-mercedes-2026\/#breadcrumb"},"inLanguage":"en-US","potentialAction":[{"@type":"ReadAction","target":["https:\/\/www.aguarda.es\/en\/o-xvii-torneo-de-cachiza-regresa-este-sabado-a-guarda-como-unha-das-citas-mais-tradicionais-da-festa-das-mercedes-2026\/"]}]},{"@type":"ImageObject","inLanguage":"en-US","@id":"https:\/\/www.aguarda.es\/en\/o-xvii-torneo-de-cachiza-regresa-este-sabado-a-guarda-como-unha-das-citas-mais-tradicionais-da-festa-das-mercedes-2026\/#primaryimage","url":"https:\/\/www.aguarda.es\/wp-content\/uploads\/2026\/09\/790147084_1743499573588301_461232061176174782_n.jpg","contentUrl":"https:\/\/www.aguarda.es\/wp-content\/uploads\/2026\/09\/790147084_1743499573588301_461232061176174782_n.jpg","width":1080,"height":1350},{"@type":"BreadcrumbList","@id":"https:\/\/www.aguarda.es\/en\/o-xvii-torneo-de-cachiza-regresa-este-sabado-a-guarda-como-unha-das-citas-mais-tradicionais-da-festa-das-mercedes-2026\/#breadcrumb","itemListElement":[{"@type":"ListItem","position":1,"name":"Portada","item":"https:\/\/www.aguarda.es\/en\/"},{"@type":"ListItem","position":2,"name":"O XVII Torneo de Cachiza regresa este s\u00e1bado \u00e1 Guarda como unha das citas m\u00e1is tradicionais da Festa das Mercedes 2026"}]},{"@type":"WebSite","@id":"https:\/\/www.aguarda.es\/en\/#website","url":"https:\/\/www.aguarda.es\/en\/","name":"Concello da Guarda","description":"P\u00e1xina web do concello da Guarda","potentialAction":[{"@type":"SearchAction","target":{"@type":"EntryPoint","urlTemplate":"https:\/\/www.aguarda.es\/en\/?s={search_term_string}"},"query-input":{"@type":"PropertyValueSpecification","valueRequired":true,"valueName":"search_term_string"}}],"inLanguage":"en-US"},{"@type":"Person","@id":"https:\/\/www.aguarda.es\/en\/#\/schema\/person\/c463ca3006858ffb349d11179d044f21","name":"prensa","image":{"@type":"ImageObject","inLanguage":"en-US","@id":"https:\/\/secure.gravatar.com\/avatar\/387e117f874ba5d0a3439060b45d914395d77287b2e4890a49d1599fc3ef9189?s=96&d=mm&r=g","url":"https:\/\/secure.gravatar.com\/avatar\/387e117f874ba5d0a3439060b45d914395d77287b2e4890a49d1599fc3ef9189?s=96&d=mm&r=g","contentUrl":"https:\/\/secure.gravatar.com\/avatar\/387e117f874ba5d0a3439060b45d914395d77287b2e4890a49d1599fc3ef9189?s=96&d=mm&r=g","caption":"prensa"},"url":"https:\/\/www.aguarda.es\/en\/author\/prensa\/"}]}},"_links":{"self":[{"href":"https:\/\/www.aguarda.es\/en\/wp-json\/wp\/v2\/posts\/35446","targetHints":{"allow":["GET"]}}],"collection":[{"href":"https:\/\/www.aguarda.es\/en\/wp-json\/wp\/v2\/posts"}],"about":[{"href":"https:\/\/www.aguarda.es\/en\/wp-json\/wp\/v2\/types\/post"}],"author":[{"embeddable":true,"href":"https:\/\/www.aguarda.es\/en\/wp-json\/wp\/v2\/users\/2"}],"replies":[{"embeddable":true,"href":"https:\/\/www.aguarda.es\/en\/wp-json\/wp\/v2\/comments?post=35446"}],"version-history":[{"count":1,"href":"https:\/\/www.aguarda.es\/en\/wp-json\/wp\/v2\/posts\/35446\/revisions"}],"predecessor-version":[{"id":35448,"href":"https:\/\/www.aguarda.es\/en\/wp-json\/wp\/v2\/posts\/35446\/revisions\/35448"}],"wp:featuredmedia":[{"embeddable":true,"href":"https:\/\/www.aguarda.es\/en\/wp-json\/wp\/v2\/media\/35447"}],"wp:attachment":[{"href":"https:\/\/www.aguarda.es\/en\/wp-json\/wp\/v2\/media?parent=35446"}],"wp:term":[{"taxonomy":"category","embeddable":true,"href":"https:\/\/www.aguarda.es\/en\/wp-json\/wp\/v2\/categories?post=35446"},{"taxonomy":"post_tag","embeddable":true,"href":"https:\/\/www.aguarda.es\/en\/wp-json\/wp\/v2\/tags?post=35446"}],"curies":[{"name":"wp","href":"https:\/\/api.w.org\/{rel}","templated":true}]}}