{"id":7183,"date":"2017-03-10T11:56:28","date_gmt":"2017-03-10T11:56:28","guid":{"rendered":"https:\/\/www.aguarda.es\/?p=7183"},"modified":"2017-04-04T02:21:03","modified_gmt":"2017-04-04T02:21:03","slug":"el-ayuntamiento-de-a-guarda-organiza-una-salida-de-fin-de-semana-a-la-serra-do-courel","status":"publish","type":"post","link":"https:\/\/www.aguarda.es\/en\/el-ayuntamiento-de-a-guarda-organiza-una-salida-de-fin-de-semana-a-la-serra-do-courel\/","title":{"rendered":"El Ayuntamiento de A Guarda organiza una salida de fin de semana a la Serra do Courel"},"content":{"rendered":"<p>Tras las buenas experiencias de los pasados a\u00f1os con las \u2018andainas\u2019 impulsadas desde el Ayuntamiento de A Guarda, para el pr\u00f3ximo mes de abril este organiza conjuntamente con Eroski Viajes una salida de fin de semana al Courel en la que se podr\u00e1 disfrutar de la gran riqueza natural y paisajista de esta sierra luguesa.<\/p>\n<p>La salida ser\u00e1 los d\u00edas 22 y 23 de abril, una vez pasada Semana Santa y ya metidos de lleno en la primavera, y en ella se realizar\u00e1n dos recorridos por al sierra. La salida incluye desplazamiento de ida y vuelta en autocar y pensi\u00f3n completa en alojamiento rural por un precio estimado de 89\u20ac por persona.<\/p>\n<p>La salida ser\u00e1 el s\u00e1bado 22 a las 8\u201930 horas y el regreso el domingo 23 a partir de las 18 horas.<\/p>\n<p lang=\"gl-ES\"><span lang=\"es-ES\">Esta actividad cuenta con plazas limitadas y los interesados tienen de plazo para realizar la inscripci\u00f3n hasta el mi\u00e9rcoles 29 de marzo. Tanto para realizar estas inscripciones como para consultar m\u00e1s informaci\u00f3n pueden ponerse en contacto con la Oficina de Turismo de A Guarda de manera presencial de 9 a 14 horas de lunes a viernes, en el tel\u00e9fono 986 61 45 46 o a trav\u00e9s del <\/span><span lang=\"es-ES\">correo electr\u00f3nico <\/span><a href=\"mailto:turismo@aguarda.es\"><span lang=\"es-ES\">turismo@aguarda.es<\/span><\/a><span lang=\"es-ES\">.<\/span><\/p>\n","protected":false},"excerpt":{"rendered":"<p>Tras las buenas experiencias de los pasados a\u00f1os con las \u2018andainas\u2019 impulsadas desde el Ayuntamiento de A Guarda, para el pr\u00f3ximo mes de abril este organiza conjuntamente con Eroski Viajes una salida de fin de semana al Courel en la &hellip; <\/p>\n","protected":false},"author":1,"featured_media":7157,"comment_status":"open","ping_status":"open","sticky":false,"template":"","format":"standard","meta":{"inline_featured_image":false,"footnotes":""},"categories":[35],"tags":[],"class_list":["post-7183","post","type-post","status-publish","format-standard","has-post-thumbnail","hentry","category-deporte"],"yoast_head":"<!-- This site is optimized with the Yoast SEO plugin v28.4 - https:\/\/yoast.com\/product\/yoast-seo-wordpress\/ -->\n<title>El Ayuntamiento de A Guarda organiza una salida de fin de semana a la Serra do Courel - Concello da Guarda<\/title>\n<meta name=\"robots\" content=\"index, follow, max-snippet:-1, max-image-preview:large, max-video-preview:-1\" \/>\n<link rel=\"canonical\" href=\"https:\/\/www.aguarda.es\/en\/el-ayuntamiento-de-a-guarda-organiza-una-salida-de-fin-de-semana-a-la-serra-do-courel\/\" \/>\n<meta property=\"og:locale\" content=\"en_US\" \/>\n<meta property=\"og:type\" content=\"article\" \/>\n<meta property=\"og:title\" content=\"El Ayuntamiento de A Guarda organiza una salida de fin de semana a la Serra do Courel - Concello da Guarda\" \/>\n<meta property=\"og:description\" content=\"Tras las buenas experiencias de los pasados a\u00f1os con las \u2018andainas\u2019 impulsadas desde el Ayuntamiento de A Guarda, para el pr\u00f3ximo mes de abril este organiza conjuntamente con Eroski Viajes una salida de fin de semana al Courel en la &hellip;\" \/>\n<meta property=\"og:url\" content=\"https:\/\/www.aguarda.es\/en\/el-ayuntamiento-de-a-guarda-organiza-una-salida-de-fin-de-semana-a-la-serra-do-courel\/\" \/>\n<meta property=\"og:site_name\" content=\"Concello da Guarda\" \/>\n<meta property=\"article:publisher\" content=\"https:\/\/www.facebook.com\/ConcellodaGuarda\" \/>\n<meta property=\"article:published_time\" content=\"2017-03-10T11:56:28+00:00\" \/>\n<meta property=\"article:modified_time\" content=\"2017-04-04T02:21:03+00:00\" \/>\n<meta property=\"og:image\" content=\"https:\/\/www.aguarda.es\/wp-content\/uploads\/2017\/03\/Cartel-Courel-2017-horizontal-1140x530.png\" \/>\n\t<meta property=\"og:image:width\" content=\"1140\" \/>\n\t<meta property=\"og:image:height\" content=\"530\" \/>\n\t<meta property=\"og:image:type\" content=\"image\/png\" \/>\n<meta name=\"author\" content=\"Concello\" \/>\n<meta name=\"twitter:card\" content=\"summary_large_image\" \/>\n<meta name=\"twitter:creator\" content=\"@AGuarda_es\" \/>\n<meta name=\"twitter:site\" content=\"@AGuarda_es\" \/>\n<meta name=\"twitter:label1\" content=\"Written by\" \/>\n\t<meta name=\"twitter:data1\" content=\"Concello\" \/>\n\t<meta name=\"twitter:label2\" content=\"Est. reading time\" \/>\n\t<meta name=\"twitter:data2\" content=\"1 minute\" \/>\n<script type=\"application\/ld+json\" class=\"yoast-schema-graph\">{\"@context\":\"https:\\\/\\\/schema.org\",\"@graph\":[{\"@type\":\"Article\",\"@id\":\"https:\\\/\\\/www.aguarda.es\\\/en\\\/el-ayuntamiento-de-a-guarda-organiza-una-salida-de-fin-de-semana-a-la-serra-do-courel\\\/#article\",\"isPartOf\":{\"@id\":\"https:\\\/\\\/www.aguarda.es\\\/en\\\/el-ayuntamiento-de-a-guarda-organiza-una-salida-de-fin-de-semana-a-la-serra-do-courel\\\/\"},\"author\":{\"name\":\"Concello\",\"@id\":\"https:\\\/\\\/www.aguarda.es\\\/en\\\/#\\\/schema\\\/person\\\/ac30f4d74843174f0af56c730f74dd57\"},\"headline\":\"El Ayuntamiento de A Guarda organiza una salida de fin de semana a la Serra do Courel\",\"datePublished\":\"2017-03-10T11:56:28+00:00\",\"dateModified\":\"2017-04-04T02:21:03+00:00\",\"mainEntityOfPage\":{\"@id\":\"https:\\\/\\\/www.aguarda.es\\\/en\\\/el-ayuntamiento-de-a-guarda-organiza-una-salida-de-fin-de-semana-a-la-serra-do-courel\\\/\"},\"wordCount\":222,\"commentCount\":0,\"image\":{\"@id\":\"https:\\\/\\\/www.aguarda.es\\\/en\\\/el-ayuntamiento-de-a-guarda-organiza-una-salida-de-fin-de-semana-a-la-serra-do-courel\\\/#primaryimage\"},\"thumbnailUrl\":\"https:\\\/\\\/www.aguarda.es\\\/wp-content\\\/uploads\\\/2017\\\/03\\\/Cartel-Courel-2017-horizontal-1140x530.png\",\"articleSection\":[\"Deporte\"],\"inLanguage\":\"en-US\"},{\"@type\":\"WebPage\",\"@id\":\"https:\\\/\\\/www.aguarda.es\\\/en\\\/el-ayuntamiento-de-a-guarda-organiza-una-salida-de-fin-de-semana-a-la-serra-do-courel\\\/\",\"url\":\"https:\\\/\\\/www.aguarda.es\\\/en\\\/el-ayuntamiento-de-a-guarda-organiza-una-salida-de-fin-de-semana-a-la-serra-do-courel\\\/\",\"name\":\"El Ayuntamiento de A Guarda organiza una salida de fin de semana a la Serra do Courel - Concello da Guarda\",\"isPartOf\":{\"@id\":\"https:\\\/\\\/www.aguarda.es\\\/en\\\/#website\"},\"primaryImageOfPage\":{\"@id\":\"https:\\\/\\\/www.aguarda.es\\\/en\\\/el-ayuntamiento-de-a-guarda-organiza-una-salida-de-fin-de-semana-a-la-serra-do-courel\\\/#primaryimage\"},\"image\":{\"@id\":\"https:\\\/\\\/www.aguarda.es\\\/en\\\/el-ayuntamiento-de-a-guarda-organiza-una-salida-de-fin-de-semana-a-la-serra-do-courel\\\/#primaryimage\"},\"thumbnailUrl\":\"https:\\\/\\\/www.aguarda.es\\\/wp-content\\\/uploads\\\/2017\\\/03\\\/Cartel-Courel-2017-horizontal-1140x530.png\",\"datePublished\":\"2017-03-10T11:56:28+00:00\",\"dateModified\":\"2017-04-04T02:21:03+00:00\",\"author\":{\"@id\":\"https:\\\/\\\/www.aguarda.es\\\/en\\\/#\\\/schema\\\/person\\\/ac30f4d74843174f0af56c730f74dd57\"},\"breadcrumb\":{\"@id\":\"https:\\\/\\\/www.aguarda.es\\\/en\\\/el-ayuntamiento-de-a-guarda-organiza-una-salida-de-fin-de-semana-a-la-serra-do-courel\\\/#breadcrumb\"},\"inLanguage\":\"en-US\",\"potentialAction\":[{\"@type\":\"ReadAction\",\"target\":[\"https:\\\/\\\/www.aguarda.es\\\/en\\\/el-ayuntamiento-de-a-guarda-organiza-una-salida-de-fin-de-semana-a-la-serra-do-courel\\\/\"]}]},{\"@type\":\"ImageObject\",\"inLanguage\":\"en-US\",\"@id\":\"https:\\\/\\\/www.aguarda.es\\\/en\\\/el-ayuntamiento-de-a-guarda-organiza-una-salida-de-fin-de-semana-a-la-serra-do-courel\\\/#primaryimage\",\"url\":\"https:\\\/\\\/www.aguarda.es\\\/wp-content\\\/uploads\\\/2017\\\/03\\\/Cartel-Courel-2017-horizontal-1140x530.png\",\"contentUrl\":\"https:\\\/\\\/www.aguarda.es\\\/wp-content\\\/uploads\\\/2017\\\/03\\\/Cartel-Courel-2017-horizontal-1140x530.png\",\"width\":1140,\"height\":530},{\"@type\":\"BreadcrumbList\",\"@id\":\"https:\\\/\\\/www.aguarda.es\\\/en\\\/el-ayuntamiento-de-a-guarda-organiza-una-salida-de-fin-de-semana-a-la-serra-do-courel\\\/#breadcrumb\",\"itemListElement\":[{\"@type\":\"ListItem\",\"position\":1,\"name\":\"Portada\",\"item\":\"https:\\\/\\\/www.aguarda.es\\\/en\\\/\"},{\"@type\":\"ListItem\",\"position\":2,\"name\":\"El Ayuntamiento de A Guarda organiza una salida de fin de semana a la Serra do Courel\"}]},{\"@type\":\"WebSite\",\"@id\":\"https:\\\/\\\/www.aguarda.es\\\/en\\\/#website\",\"url\":\"https:\\\/\\\/www.aguarda.es\\\/en\\\/\",\"name\":\"Concello da Guarda\",\"description\":\"P\u00e1xina web do concello da Guarda\",\"potentialAction\":[{\"@type\":\"SearchAction\",\"target\":{\"@type\":\"EntryPoint\",\"urlTemplate\":\"https:\\\/\\\/www.aguarda.es\\\/en\\\/?s={search_term_string}\"},\"query-input\":{\"@type\":\"PropertyValueSpecification\",\"valueRequired\":true,\"valueName\":\"search_term_string\"}}],\"inLanguage\":\"en-US\"},{\"@type\":\"Person\",\"@id\":\"https:\\\/\\\/www.aguarda.es\\\/en\\\/#\\\/schema\\\/person\\\/ac30f4d74843174f0af56c730f74dd57\",\"name\":\"Concello\",\"image\":{\"@type\":\"ImageObject\",\"inLanguage\":\"en-US\",\"@id\":\"https:\\\/\\\/secure.gravatar.com\\\/avatar\\\/604cbcd6d0c459552074918a50a795360692680b57347a8d1136bd96f9da962c?s=96&d=mm&r=g\",\"url\":\"https:\\\/\\\/secure.gravatar.com\\\/avatar\\\/604cbcd6d0c459552074918a50a795360692680b57347a8d1136bd96f9da962c?s=96&d=mm&r=g\",\"contentUrl\":\"https:\\\/\\\/secure.gravatar.com\\\/avatar\\\/604cbcd6d0c459552074918a50a795360692680b57347a8d1136bd96f9da962c?s=96&d=mm&r=g\",\"caption\":\"Concello\"},\"url\":\"https:\\\/\\\/www.aguarda.es\\\/en\\\/author\\\/admin\\\/\"}]}<\/script>\n<!-- \/ Yoast SEO plugin. -->","yoast_head_json":{"title":"El Ayuntamiento de A Guarda organiza una salida de fin de semana a la Serra do Courel - Concello da Guarda","robots":{"index":"index","follow":"follow","max-snippet":"max-snippet:-1","max-image-preview":"max-image-preview:large","max-video-preview":"max-video-preview:-1"},"canonical":"https:\/\/www.aguarda.es\/en\/el-ayuntamiento-de-a-guarda-organiza-una-salida-de-fin-de-semana-a-la-serra-do-courel\/","og_locale":"en_US","og_type":"article","og_title":"El Ayuntamiento de A Guarda organiza una salida de fin de semana a la Serra do Courel - Concello da Guarda","og_description":"Tras las buenas experiencias de los pasados a\u00f1os con las \u2018andainas\u2019 impulsadas desde el Ayuntamiento de A Guarda, para el pr\u00f3ximo mes de abril este organiza conjuntamente con Eroski Viajes una salida de fin de semana al Courel en la &hellip;","og_url":"https:\/\/www.aguarda.es\/en\/el-ayuntamiento-de-a-guarda-organiza-una-salida-de-fin-de-semana-a-la-serra-do-courel\/","og_site_name":"Concello da Guarda","article_publisher":"https:\/\/www.facebook.com\/ConcellodaGuarda","article_published_time":"2017-03-10T11:56:28+00:00","article_modified_time":"2017-04-04T02:21:03+00:00","og_image":[{"width":1140,"height":530,"url":"https:\/\/www.aguarda.es\/wp-content\/uploads\/2017\/03\/Cartel-Courel-2017-horizontal-1140x530.png","type":"image\/png"}],"author":"Concello","twitter_card":"summary_large_image","twitter_creator":"@AGuarda_es","twitter_site":"@AGuarda_es","twitter_misc":{"Written by":"Concello","Est. reading time":"1 minute"},"schema":{"@context":"https:\/\/schema.org","@graph":[{"@type":"Article","@id":"https:\/\/www.aguarda.es\/en\/el-ayuntamiento-de-a-guarda-organiza-una-salida-de-fin-de-semana-a-la-serra-do-courel\/#article","isPartOf":{"@id":"https:\/\/www.aguarda.es\/en\/el-ayuntamiento-de-a-guarda-organiza-una-salida-de-fin-de-semana-a-la-serra-do-courel\/"},"author":{"name":"Concello","@id":"https:\/\/www.aguarda.es\/en\/#\/schema\/person\/ac30f4d74843174f0af56c730f74dd57"},"headline":"El Ayuntamiento de A Guarda organiza una salida de fin de semana a la Serra do Courel","datePublished":"2017-03-10T11:56:28+00:00","dateModified":"2017-04-04T02:21:03+00:00","mainEntityOfPage":{"@id":"https:\/\/www.aguarda.es\/en\/el-ayuntamiento-de-a-guarda-organiza-una-salida-de-fin-de-semana-a-la-serra-do-courel\/"},"wordCount":222,"commentCount":0,"image":{"@id":"https:\/\/www.aguarda.es\/en\/el-ayuntamiento-de-a-guarda-organiza-una-salida-de-fin-de-semana-a-la-serra-do-courel\/#primaryimage"},"thumbnailUrl":"https:\/\/www.aguarda.es\/wp-content\/uploads\/2017\/03\/Cartel-Courel-2017-horizontal-1140x530.png","articleSection":["Deporte"],"inLanguage":"en-US"},{"@type":"WebPage","@id":"https:\/\/www.aguarda.es\/en\/el-ayuntamiento-de-a-guarda-organiza-una-salida-de-fin-de-semana-a-la-serra-do-courel\/","url":"https:\/\/www.aguarda.es\/en\/el-ayuntamiento-de-a-guarda-organiza-una-salida-de-fin-de-semana-a-la-serra-do-courel\/","name":"El Ayuntamiento de A Guarda organiza una salida de fin de semana a la Serra do Courel - Concello da Guarda","isPartOf":{"@id":"https:\/\/www.aguarda.es\/en\/#website"},"primaryImageOfPage":{"@id":"https:\/\/www.aguarda.es\/en\/el-ayuntamiento-de-a-guarda-organiza-una-salida-de-fin-de-semana-a-la-serra-do-courel\/#primaryimage"},"image":{"@id":"https:\/\/www.aguarda.es\/en\/el-ayuntamiento-de-a-guarda-organiza-una-salida-de-fin-de-semana-a-la-serra-do-courel\/#primaryimage"},"thumbnailUrl":"https:\/\/www.aguarda.es\/wp-content\/uploads\/2017\/03\/Cartel-Courel-2017-horizontal-1140x530.png","datePublished":"2017-03-10T11:56:28+00:00","dateModified":"2017-04-04T02:21:03+00:00","author":{"@id":"https:\/\/www.aguarda.es\/en\/#\/schema\/person\/ac30f4d74843174f0af56c730f74dd57"},"breadcrumb":{"@id":"https:\/\/www.aguarda.es\/en\/el-ayuntamiento-de-a-guarda-organiza-una-salida-de-fin-de-semana-a-la-serra-do-courel\/#breadcrumb"},"inLanguage":"en-US","potentialAction":[{"@type":"ReadAction","target":["https:\/\/www.aguarda.es\/en\/el-ayuntamiento-de-a-guarda-organiza-una-salida-de-fin-de-semana-a-la-serra-do-courel\/"]}]},{"@type":"ImageObject","inLanguage":"en-US","@id":"https:\/\/www.aguarda.es\/en\/el-ayuntamiento-de-a-guarda-organiza-una-salida-de-fin-de-semana-a-la-serra-do-courel\/#primaryimage","url":"https:\/\/www.aguarda.es\/wp-content\/uploads\/2017\/03\/Cartel-Courel-2017-horizontal-1140x530.png","contentUrl":"https:\/\/www.aguarda.es\/wp-content\/uploads\/2017\/03\/Cartel-Courel-2017-horizontal-1140x530.png","width":1140,"height":530},{"@type":"BreadcrumbList","@id":"https:\/\/www.aguarda.es\/en\/el-ayuntamiento-de-a-guarda-organiza-una-salida-de-fin-de-semana-a-la-serra-do-courel\/#breadcrumb","itemListElement":[{"@type":"ListItem","position":1,"name":"Portada","item":"https:\/\/www.aguarda.es\/en\/"},{"@type":"ListItem","position":2,"name":"El Ayuntamiento de A Guarda organiza una salida de fin de semana a la Serra do Courel"}]},{"@type":"WebSite","@id":"https:\/\/www.aguarda.es\/en\/#website","url":"https:\/\/www.aguarda.es\/en\/","name":"Concello da Guarda","description":"P\u00e1xina web do concello da Guarda","potentialAction":[{"@type":"SearchAction","target":{"@type":"EntryPoint","urlTemplate":"https:\/\/www.aguarda.es\/en\/?s={search_term_string}"},"query-input":{"@type":"PropertyValueSpecification","valueRequired":true,"valueName":"search_term_string"}}],"inLanguage":"en-US"},{"@type":"Person","@id":"https:\/\/www.aguarda.es\/en\/#\/schema\/person\/ac30f4d74843174f0af56c730f74dd57","name":"Concello","image":{"@type":"ImageObject","inLanguage":"en-US","@id":"https:\/\/secure.gravatar.com\/avatar\/604cbcd6d0c459552074918a50a795360692680b57347a8d1136bd96f9da962c?s=96&d=mm&r=g","url":"https:\/\/secure.gravatar.com\/avatar\/604cbcd6d0c459552074918a50a795360692680b57347a8d1136bd96f9da962c?s=96&d=mm&r=g","contentUrl":"https:\/\/secure.gravatar.com\/avatar\/604cbcd6d0c459552074918a50a795360692680b57347a8d1136bd96f9da962c?s=96&d=mm&r=g","caption":"Concello"},"url":"https:\/\/www.aguarda.es\/en\/author\/admin\/"}]}},"_links":{"self":[{"href":"https:\/\/www.aguarda.es\/en\/wp-json\/wp\/v2\/posts\/7183","targetHints":{"allow":["GET"]}}],"collection":[{"href":"https:\/\/www.aguarda.es\/en\/wp-json\/wp\/v2\/posts"}],"about":[{"href":"https:\/\/www.aguarda.es\/en\/wp-json\/wp\/v2\/types\/post"}],"author":[{"embeddable":true,"href":"https:\/\/www.aguarda.es\/en\/wp-json\/wp\/v2\/users\/1"}],"replies":[{"embeddable":true,"href":"https:\/\/www.aguarda.es\/en\/wp-json\/wp\/v2\/comments?post=7183"}],"version-history":[{"count":1,"href":"https:\/\/www.aguarda.es\/en\/wp-json\/wp\/v2\/posts\/7183\/revisions"}],"predecessor-version":[{"id":7184,"href":"https:\/\/www.aguarda.es\/en\/wp-json\/wp\/v2\/posts\/7183\/revisions\/7184"}],"wp:featuredmedia":[{"embeddable":true,"href":"https:\/\/www.aguarda.es\/en\/wp-json\/wp\/v2\/media\/7157"}],"wp:attachment":[{"href":"https:\/\/www.aguarda.es\/en\/wp-json\/wp\/v2\/media?parent=7183"}],"wp:term":[{"taxonomy":"category","embeddable":true,"href":"https:\/\/www.aguarda.es\/en\/wp-json\/wp\/v2\/categories?post=7183"},{"taxonomy":"post_tag","embeddable":true,"href":"https:\/\/www.aguarda.es\/en\/wp-json\/wp\/v2\/tags?post=7183"}],"curies":[{"name":"wp","href":"https:\/\/api.w.org\/{rel}","templated":true}]}}