{"id":8248,"date":"2017-04-05T11:26:06","date_gmt":"2017-04-05T11:26:06","guid":{"rendered":"https:\/\/www.aguarda.es\/?p=8248"},"modified":"2017-04-05T11:26:06","modified_gmt":"2017-04-05T11:26:06","slug":"o-concello-da-guarda-e-comunidad-terapeutica-alborada-colaboran-no-coidado-ambiental-da-zona-da-senda-litoral-da-guarda","status":"publish","type":"post","link":"https:\/\/www.aguarda.es\/en\/o-concello-da-guarda-e-comunidad-terapeutica-alborada-colaboran-no-coidado-ambiental-da-zona-da-senda-litoral-da-guarda\/","title":{"rendered":"O Concello da Guarda e a Comunidad Terap\u00e9utica Alborada colaboran no coidado ambiental da zona da Senda Litoral da Guarda"},"content":{"rendered":"<p class=\"western\" lang=\"gl-ES\">A Comunidad Terap\u00e9utica Alborada de Tomi\u00f1o, en colaboraci\u00f3n co Concello da Guarda, est\u00e1 a levar a cabo unha actividade de promoci\u00f3n do coidado do medio ambiente nas praias e Senda Litoral da Guarda.<\/p>\n<p class=\"western\" lang=\"gl-ES\">Esta iniciativa consiste na realizaci\u00f3n de sa\u00eddas, durante tres fines de semana, a puntos da Senda e \u00e1s praias da Guarda, para realizar unha limpeza destes espazos co obxectivo de recoller todos aqueles materiais contaminantes que atopen. O Concello da Guarda, ante esta proposta, ofreceu a s\u00faa absoluta colaboraci\u00f3n facilitando os materiais necesarios e o lugar para tiralos de maneira axeitada.<\/p>\n<p class=\"western\" lang=\"gl-ES\">As d\u00faas primeiras sa\u00edda xa se realizaron o d\u00eda 26 de marzo e pasado domingo d\u00eda 2 de abril. Nestas, os oito usuarios do centro e a educadora que lles acompa\u00f1a durante as sa\u00eddas atoparon, entre outras cousas, moito poliesp\u00e1n e diferentes pl\u00e1sticos, as\u00ed como material de pesca; todos eles materiais que agora xa non ensucian estes espazos e que poder\u00e1n ser reciclados. A vindeira e \u00faltima sa\u00edda ser\u00e1 este domingo 8 de abril.<\/p>\n<p class=\"western\" lang=\"gl-ES\">Dende os dous organismos colaboradores mostran a s\u00faa satisfacci\u00f3n por poder levar adiante unha iniciativa que permite promover o coidado do medio ambiente, en especial en zonas de tanto valor natural como o litoral guard\u00e9s. Iniciativas como esta son clave para concienciar sobre a importancia non s\u00f3 da limpeza e reciclaxe, sen\u00f3n da necesidade de conservar o patrimonio natural de todos tratando de ensuciar os espazos p\u00fablicos o menos posible.<\/p>\n","protected":false},"excerpt":{"rendered":"<p>A Comunidad Terap\u00e9utica Alborada de Tomi\u00f1o, en colaboraci\u00f3n co Concello da Guarda, est\u00e1 a levar a cabo unha actividade de promoci\u00f3n do coidado do medio ambiente nas praias e Senda Litoral da Guarda. Esta iniciativa consiste na realizaci\u00f3n de sa\u00eddas, &hellip; <\/p>\n","protected":false},"author":2,"featured_media":8249,"comment_status":"open","ping_status":"open","sticky":false,"template":"","format":"standard","meta":[],"categories":[40],"tags":[226,228,225,230,227,229,231],"yoast_head":"<!-- This site is optimized with the Yoast SEO plugin v21.1 - https:\/\/yoast.com\/wordpress\/plugins\/seo\/ -->\n<title>O Concello da Guarda e a Comunidad Terap\u00e9utica Alborada colaboran no coidado ambiental da zona da Senda Litoral da Guarda - Concello da Guarda<\/title>\n<meta name=\"robots\" content=\"index, follow, max-snippet:-1, max-image-preview:large, max-video-preview:-1\" \/>\n<link rel=\"canonical\" href=\"https:\/\/www.aguarda.es\/en\/o-concello-da-guarda-e-comunidad-terapeutica-alborada-colaboran-no-coidado-ambiental-da-zona-da-senda-litoral-da-guarda\/\" \/>\n<meta property=\"og:locale\" content=\"en_US\" \/>\n<meta property=\"og:type\" content=\"article\" \/>\n<meta property=\"og:title\" content=\"O Concello da Guarda e a Comunidad Terap\u00e9utica Alborada colaboran no coidado ambiental da zona da Senda Litoral da Guarda - Concello da Guarda\" \/>\n<meta property=\"og:description\" content=\"A Comunidad Terap\u00e9utica Alborada de Tomi\u00f1o, en colaboraci\u00f3n co Concello da Guarda, est\u00e1 a levar a cabo unha actividade de promoci\u00f3n do coidado do medio ambiente nas praias e Senda Litoral da Guarda. Esta iniciativa consiste na realizaci\u00f3n de sa\u00eddas, &hellip;\" \/>\n<meta property=\"og:url\" content=\"https:\/\/www.aguarda.es\/en\/o-concello-da-guarda-e-comunidad-terapeutica-alborada-colaboran-no-coidado-ambiental-da-zona-da-senda-litoral-da-guarda\/\" \/>\n<meta property=\"og:site_name\" content=\"Concello da Guarda\" \/>\n<meta property=\"article:publisher\" content=\"https:\/\/www.facebook.com\/ConcellodaGuarda\" \/>\n<meta property=\"article:published_time\" content=\"2017-04-05T11:26:06+00:00\" \/>\n<meta property=\"og:image\" content=\"https:\/\/www.aguarda.es\/wp-content\/uploads\/2017\/04\/lip-playas-4.jpg\" \/>\n\t<meta property=\"og:image:width\" content=\"640\" \/>\n\t<meta property=\"og:image:height\" content=\"480\" \/>\n\t<meta property=\"og:image:type\" content=\"image\/jpeg\" \/>\n<meta name=\"author\" content=\"prensa\" \/>\n<meta name=\"twitter:card\" content=\"summary_large_image\" \/>\n<meta name=\"twitter:creator\" content=\"@AGuarda_es\" \/>\n<meta name=\"twitter:site\" content=\"@AGuarda_es\" \/>\n<meta name=\"twitter:label1\" content=\"Written by\" \/>\n\t<meta name=\"twitter:data1\" content=\"prensa\" \/>\n\t<meta name=\"twitter:label2\" content=\"Est. reading time\" \/>\n\t<meta name=\"twitter:data2\" content=\"1 minute\" \/>\n<script type=\"application\/ld+json\" class=\"yoast-schema-graph\">{\"@context\":\"https:\/\/schema.org\",\"@graph\":[{\"@type\":\"WebPage\",\"@id\":\"https:\/\/www.aguarda.es\/en\/o-concello-da-guarda-e-comunidad-terapeutica-alborada-colaboran-no-coidado-ambiental-da-zona-da-senda-litoral-da-guarda\/\",\"url\":\"https:\/\/www.aguarda.es\/en\/o-concello-da-guarda-e-comunidad-terapeutica-alborada-colaboran-no-coidado-ambiental-da-zona-da-senda-litoral-da-guarda\/\",\"name\":\"O Concello da Guarda e a Comunidad Terap\u00e9utica Alborada colaboran no coidado ambiental da zona da Senda Litoral da Guarda - Concello da Guarda\",\"isPartOf\":{\"@id\":\"https:\/\/www.aguarda.es\/en\/#website\"},\"datePublished\":\"2017-04-05T11:26:06+00:00\",\"dateModified\":\"2017-04-05T11:26:06+00:00\",\"author\":{\"@id\":\"https:\/\/www.aguarda.es\/en\/#\/schema\/person\/c463ca3006858ffb349d11179d044f21\"},\"breadcrumb\":{\"@id\":\"https:\/\/www.aguarda.es\/en\/o-concello-da-guarda-e-comunidad-terapeutica-alborada-colaboran-no-coidado-ambiental-da-zona-da-senda-litoral-da-guarda\/#breadcrumb\"},\"inLanguage\":\"en-US\",\"potentialAction\":[{\"@type\":\"ReadAction\",\"target\":[\"https:\/\/www.aguarda.es\/en\/o-concello-da-guarda-e-comunidad-terapeutica-alborada-colaboran-no-coidado-ambiental-da-zona-da-senda-litoral-da-guarda\/\"]}]},{\"@type\":\"BreadcrumbList\",\"@id\":\"https:\/\/www.aguarda.es\/en\/o-concello-da-guarda-e-comunidad-terapeutica-alborada-colaboran-no-coidado-ambiental-da-zona-da-senda-litoral-da-guarda\/#breadcrumb\",\"itemListElement\":[{\"@type\":\"ListItem\",\"position\":1,\"name\":\"Portada\",\"item\":\"https:\/\/www.aguarda.es\/en\/\"},{\"@type\":\"ListItem\",\"position\":2,\"name\":\"O Concello da Guarda e a Comunidad Terap\u00e9utica Alborada colaboran no coidado ambiental da zona da Senda Litoral da Guarda\"}]},{\"@type\":\"WebSite\",\"@id\":\"https:\/\/www.aguarda.es\/en\/#website\",\"url\":\"https:\/\/www.aguarda.es\/en\/\",\"name\":\"Concello da Guarda\",\"description\":\"P\u00e1xina web do concello da Guarda\",\"potentialAction\":[{\"@type\":\"SearchAction\",\"target\":{\"@type\":\"EntryPoint\",\"urlTemplate\":\"https:\/\/www.aguarda.es\/en\/?s={search_term_string}\"},\"query-input\":\"required name=search_term_string\"}],\"inLanguage\":\"en-US\"},{\"@type\":\"Person\",\"@id\":\"https:\/\/www.aguarda.es\/en\/#\/schema\/person\/c463ca3006858ffb349d11179d044f21\",\"name\":\"prensa\",\"image\":{\"@type\":\"ImageObject\",\"inLanguage\":\"en-US\",\"@id\":\"https:\/\/www.aguarda.es\/en\/#\/schema\/person\/image\/\",\"url\":\"https:\/\/secure.gravatar.com\/avatar\/5f90ef536b0f98306edf5c7a1135ffa1?s=96&d=mm&r=g\",\"contentUrl\":\"https:\/\/secure.gravatar.com\/avatar\/5f90ef536b0f98306edf5c7a1135ffa1?s=96&d=mm&r=g\",\"caption\":\"prensa\"},\"url\":\"https:\/\/www.aguarda.es\/en\/author\/prensa\/\"}]}<\/script>\n<!-- \/ Yoast SEO plugin. -->","yoast_head_json":{"title":"O Concello da Guarda e a Comunidad Terap\u00e9utica Alborada colaboran no coidado ambiental da zona da Senda Litoral da Guarda - Concello da Guarda","robots":{"index":"index","follow":"follow","max-snippet":"max-snippet:-1","max-image-preview":"max-image-preview:large","max-video-preview":"max-video-preview:-1"},"canonical":"https:\/\/www.aguarda.es\/en\/o-concello-da-guarda-e-comunidad-terapeutica-alborada-colaboran-no-coidado-ambiental-da-zona-da-senda-litoral-da-guarda\/","og_locale":"en_US","og_type":"article","og_title":"O Concello da Guarda e a Comunidad Terap\u00e9utica Alborada colaboran no coidado ambiental da zona da Senda Litoral da Guarda - Concello da Guarda","og_description":"A Comunidad Terap\u00e9utica Alborada de Tomi\u00f1o, en colaboraci\u00f3n co Concello da Guarda, est\u00e1 a levar a cabo unha actividade de promoci\u00f3n do coidado do medio ambiente nas praias e Senda Litoral da Guarda. Esta iniciativa consiste na realizaci\u00f3n de sa\u00eddas, &hellip;","og_url":"https:\/\/www.aguarda.es\/en\/o-concello-da-guarda-e-comunidad-terapeutica-alborada-colaboran-no-coidado-ambiental-da-zona-da-senda-litoral-da-guarda\/","og_site_name":"Concello da Guarda","article_publisher":"https:\/\/www.facebook.com\/ConcellodaGuarda","article_published_time":"2017-04-05T11:26:06+00:00","og_image":[{"width":640,"height":480,"url":"https:\/\/www.aguarda.es\/wp-content\/uploads\/2017\/04\/lip-playas-4.jpg","type":"image\/jpeg"}],"author":"prensa","twitter_card":"summary_large_image","twitter_creator":"@AGuarda_es","twitter_site":"@AGuarda_es","twitter_misc":{"Written by":"prensa","Est. reading time":"1 minute"},"schema":{"@context":"https:\/\/schema.org","@graph":[{"@type":"WebPage","@id":"https:\/\/www.aguarda.es\/en\/o-concello-da-guarda-e-comunidad-terapeutica-alborada-colaboran-no-coidado-ambiental-da-zona-da-senda-litoral-da-guarda\/","url":"https:\/\/www.aguarda.es\/en\/o-concello-da-guarda-e-comunidad-terapeutica-alborada-colaboran-no-coidado-ambiental-da-zona-da-senda-litoral-da-guarda\/","name":"O Concello da Guarda e a Comunidad Terap\u00e9utica Alborada colaboran no coidado ambiental da zona da Senda Litoral da Guarda - Concello da Guarda","isPartOf":{"@id":"https:\/\/www.aguarda.es\/en\/#website"},"datePublished":"2017-04-05T11:26:06+00:00","dateModified":"2017-04-05T11:26:06+00:00","author":{"@id":"https:\/\/www.aguarda.es\/en\/#\/schema\/person\/c463ca3006858ffb349d11179d044f21"},"breadcrumb":{"@id":"https:\/\/www.aguarda.es\/en\/o-concello-da-guarda-e-comunidad-terapeutica-alborada-colaboran-no-coidado-ambiental-da-zona-da-senda-litoral-da-guarda\/#breadcrumb"},"inLanguage":"en-US","potentialAction":[{"@type":"ReadAction","target":["https:\/\/www.aguarda.es\/en\/o-concello-da-guarda-e-comunidad-terapeutica-alborada-colaboran-no-coidado-ambiental-da-zona-da-senda-litoral-da-guarda\/"]}]},{"@type":"BreadcrumbList","@id":"https:\/\/www.aguarda.es\/en\/o-concello-da-guarda-e-comunidad-terapeutica-alborada-colaboran-no-coidado-ambiental-da-zona-da-senda-litoral-da-guarda\/#breadcrumb","itemListElement":[{"@type":"ListItem","position":1,"name":"Portada","item":"https:\/\/www.aguarda.es\/en\/"},{"@type":"ListItem","position":2,"name":"O Concello da Guarda e a Comunidad Terap\u00e9utica Alborada colaboran no coidado ambiental da zona da Senda Litoral da Guarda"}]},{"@type":"WebSite","@id":"https:\/\/www.aguarda.es\/en\/#website","url":"https:\/\/www.aguarda.es\/en\/","name":"Concello da Guarda","description":"P\u00e1xina web do concello da Guarda","potentialAction":[{"@type":"SearchAction","target":{"@type":"EntryPoint","urlTemplate":"https:\/\/www.aguarda.es\/en\/?s={search_term_string}"},"query-input":"required name=search_term_string"}],"inLanguage":"en-US"},{"@type":"Person","@id":"https:\/\/www.aguarda.es\/en\/#\/schema\/person\/c463ca3006858ffb349d11179d044f21","name":"prensa","image":{"@type":"ImageObject","inLanguage":"en-US","@id":"https:\/\/www.aguarda.es\/en\/#\/schema\/person\/image\/","url":"https:\/\/secure.gravatar.com\/avatar\/5f90ef536b0f98306edf5c7a1135ffa1?s=96&d=mm&r=g","contentUrl":"https:\/\/secure.gravatar.com\/avatar\/5f90ef536b0f98306edf5c7a1135ffa1?s=96&d=mm&r=g","caption":"prensa"},"url":"https:\/\/www.aguarda.es\/en\/author\/prensa\/"}]}},"_links":{"self":[{"href":"https:\/\/www.aguarda.es\/en\/wp-json\/wp\/v2\/posts\/8248"}],"collection":[{"href":"https:\/\/www.aguarda.es\/en\/wp-json\/wp\/v2\/posts"}],"about":[{"href":"https:\/\/www.aguarda.es\/en\/wp-json\/wp\/v2\/types\/post"}],"author":[{"embeddable":true,"href":"https:\/\/www.aguarda.es\/en\/wp-json\/wp\/v2\/users\/2"}],"replies":[{"embeddable":true,"href":"https:\/\/www.aguarda.es\/en\/wp-json\/wp\/v2\/comments?post=8248"}],"version-history":[{"count":1,"href":"https:\/\/www.aguarda.es\/en\/wp-json\/wp\/v2\/posts\/8248\/revisions"}],"predecessor-version":[{"id":8250,"href":"https:\/\/www.aguarda.es\/en\/wp-json\/wp\/v2\/posts\/8248\/revisions\/8250"}],"wp:featuredmedia":[{"embeddable":true,"href":"https:\/\/www.aguarda.es\/en\/wp-json\/wp\/v2\/media\/8249"}],"wp:attachment":[{"href":"https:\/\/www.aguarda.es\/en\/wp-json\/wp\/v2\/media?parent=8248"}],"wp:term":[{"taxonomy":"category","embeddable":true,"href":"https:\/\/www.aguarda.es\/en\/wp-json\/wp\/v2\/categories?post=8248"},{"taxonomy":"post_tag","embeddable":true,"href":"https:\/\/www.aguarda.es\/en\/wp-json\/wp\/v2\/tags?post=8248"}],"curies":[{"name":"wp","href":"https:\/\/api.w.org\/{rel}","templated":true}]}}