{"id":8259,"date":"2017-03-31T12:01:25","date_gmt":"2017-03-31T12:01:25","guid":{"rendered":"https:\/\/www.aguarda.es\/?p=8259"},"modified":"2017-04-05T13:31:37","modified_gmt":"2017-04-05T13:31:37","slug":"o-concello-da-guarda-informa-da-execucion-das-obras-de-peatonalizacion-parcial-da-praza-relo","status":"publish","type":"post","link":"https:\/\/www.aguarda.es\/en\/o-concello-da-guarda-informa-da-execucion-das-obras-de-peatonalizacion-parcial-da-praza-relo\/","title":{"rendered":"O Concello da Guarda informa da execuci\u00f3n das obras de peatonalizaci\u00f3n parcial da Praza do Rel\u00f3"},"content":{"rendered":"<p class=\"western\" lang=\"gl-ES\">Nos pr\u00f3ximas d\u00edas o Concello da Guarda executar\u00e1 a obra de peatonalizaci\u00f3n parcial da Praza do Rel\u00f3. Con esta obra eliminarase o tr\u00e1fico e aparcamento na maior\u00eda da superficie da praza.<\/p>\n<p class=\"western\" lang=\"gl-ES\">O concello informa aos veci\u00f1os e veci\u00f1as que cando estea rematada a obra s\u00f3 poder\u00e1n circular veh\u00edculos dende a r\u00faa Bernardo Alonso a Cervantes, e dende a r\u00faa Col\u00f3n tam\u00e9n a Cervantes.<\/p>\n<p class=\"western\" lang=\"gl-ES\">Nesta nova disposici\u00f3n facilitarase un aparcamento para minusv\u00e1lidos e unha zona de carga e descarga. Os carr\u00eds de circulaci\u00f3n estar\u00e1n limitados por bolardos extra\u00edbles de aceiro inoxidable e dotarase de mobiliario ao resto da praza.<\/p>\n<p class=\"western\" lang=\"gl-ES\">A intenci\u00f3n do Concello con esta actuaci\u00f3n \u00e9 por en valor a Praza do Rel\u00f3 como espazo de convivencia tranquila para todos os veci\u00f1os e veci\u00f1as, dende os m\u00e1is pequenos ata os av\u00f3s.<\/p>\n","protected":false},"excerpt":{"rendered":"<p>O Concello da Guarda informa da execuci\u00f3n das obras de peatonalizaci\u00f3n parcial da Praza do Rel\u00f3<\/p>\n","protected":false},"author":2,"featured_media":8260,"comment_status":"open","ping_status":"open","sticky":false,"template":"","format":"standard","meta":[],"categories":[47,33],"tags":[226,225,249,246,247,248],"yoast_head":"<!-- This site is optimized with the Yoast SEO plugin v21.1 - https:\/\/yoast.com\/wordpress\/plugins\/seo\/ -->\n<title>O Concello da Guarda informa da execuci\u00f3n das obras de peatonalizaci\u00f3n parcial da Praza do Rel\u00f3 - Concello da Guarda<\/title>\n<meta name=\"robots\" content=\"index, follow, max-snippet:-1, max-image-preview:large, max-video-preview:-1\" \/>\n<link rel=\"canonical\" href=\"https:\/\/www.aguarda.es\/en\/o-concello-da-guarda-informa-da-execucion-das-obras-de-peatonalizacion-parcial-da-praza-relo\/\" \/>\n<meta property=\"og:locale\" content=\"en_US\" \/>\n<meta property=\"og:type\" content=\"article\" \/>\n<meta property=\"og:title\" content=\"O Concello da Guarda informa da execuci\u00f3n das obras de peatonalizaci\u00f3n parcial da Praza do Rel\u00f3 - Concello da Guarda\" \/>\n<meta property=\"og:description\" content=\"O Concello da Guarda informa da execuci\u00f3n das obras de peatonalizaci\u00f3n parcial da Praza do Rel\u00f3\" \/>\n<meta property=\"og:url\" content=\"https:\/\/www.aguarda.es\/en\/o-concello-da-guarda-informa-da-execucion-das-obras-de-peatonalizacion-parcial-da-praza-relo\/\" \/>\n<meta property=\"og:site_name\" content=\"Concello da Guarda\" \/>\n<meta property=\"article:publisher\" content=\"https:\/\/www.facebook.com\/ConcellodaGuarda\" \/>\n<meta property=\"article:published_time\" content=\"2017-03-31T12:01:25+00:00\" \/>\n<meta property=\"article:modified_time\" content=\"2017-04-05T13:31:37+00:00\" \/>\n<meta property=\"og:image\" content=\"https:\/\/www.aguarda.es\/wp-content\/uploads\/2017\/04\/b_Praza-Rel\u00f3-Coches-2.jpg\" \/>\n\t<meta property=\"og:image:width\" content=\"1000\" \/>\n\t<meta property=\"og:image:height\" content=\"750\" \/>\n\t<meta property=\"og:image:type\" content=\"image\/jpeg\" \/>\n<meta name=\"author\" content=\"prensa\" \/>\n<meta name=\"twitter:card\" content=\"summary_large_image\" \/>\n<meta name=\"twitter:creator\" content=\"@AGuarda_es\" \/>\n<meta name=\"twitter:site\" content=\"@AGuarda_es\" \/>\n<meta name=\"twitter:label1\" content=\"Written by\" \/>\n\t<meta name=\"twitter:data1\" content=\"prensa\" \/>\n\t<meta name=\"twitter:label2\" content=\"Est. reading time\" \/>\n\t<meta name=\"twitter:data2\" content=\"1 minute\" \/>\n<script type=\"application\/ld+json\" class=\"yoast-schema-graph\">{\"@context\":\"https:\/\/schema.org\",\"@graph\":[{\"@type\":\"WebPage\",\"@id\":\"https:\/\/www.aguarda.es\/en\/o-concello-da-guarda-informa-da-execucion-das-obras-de-peatonalizacion-parcial-da-praza-relo\/\",\"url\":\"https:\/\/www.aguarda.es\/en\/o-concello-da-guarda-informa-da-execucion-das-obras-de-peatonalizacion-parcial-da-praza-relo\/\",\"name\":\"O Concello da Guarda informa da execuci\u00f3n das obras de peatonalizaci\u00f3n parcial da Praza do Rel\u00f3 - Concello da Guarda\",\"isPartOf\":{\"@id\":\"https:\/\/www.aguarda.es\/en\/#website\"},\"datePublished\":\"2017-03-31T12:01:25+00:00\",\"dateModified\":\"2017-04-05T13:31:37+00:00\",\"author\":{\"@id\":\"https:\/\/www.aguarda.es\/en\/#\/schema\/person\/c463ca3006858ffb349d11179d044f21\"},\"breadcrumb\":{\"@id\":\"https:\/\/www.aguarda.es\/en\/o-concello-da-guarda-informa-da-execucion-das-obras-de-peatonalizacion-parcial-da-praza-relo\/#breadcrumb\"},\"inLanguage\":\"en-US\",\"potentialAction\":[{\"@type\":\"ReadAction\",\"target\":[\"https:\/\/www.aguarda.es\/en\/o-concello-da-guarda-informa-da-execucion-das-obras-de-peatonalizacion-parcial-da-praza-relo\/\"]}]},{\"@type\":\"BreadcrumbList\",\"@id\":\"https:\/\/www.aguarda.es\/en\/o-concello-da-guarda-informa-da-execucion-das-obras-de-peatonalizacion-parcial-da-praza-relo\/#breadcrumb\",\"itemListElement\":[{\"@type\":\"ListItem\",\"position\":1,\"name\":\"Portada\",\"item\":\"https:\/\/www.aguarda.es\/en\/\"},{\"@type\":\"ListItem\",\"position\":2,\"name\":\"O Concello da Guarda informa da execuci\u00f3n das obras de peatonalizaci\u00f3n parcial da Praza do Rel\u00f3\"}]},{\"@type\":\"WebSite\",\"@id\":\"https:\/\/www.aguarda.es\/en\/#website\",\"url\":\"https:\/\/www.aguarda.es\/en\/\",\"name\":\"Concello da Guarda\",\"description\":\"P\u00e1xina web do concello da Guarda\",\"potentialAction\":[{\"@type\":\"SearchAction\",\"target\":{\"@type\":\"EntryPoint\",\"urlTemplate\":\"https:\/\/www.aguarda.es\/en\/?s={search_term_string}\"},\"query-input\":\"required name=search_term_string\"}],\"inLanguage\":\"en-US\"},{\"@type\":\"Person\",\"@id\":\"https:\/\/www.aguarda.es\/en\/#\/schema\/person\/c463ca3006858ffb349d11179d044f21\",\"name\":\"prensa\",\"image\":{\"@type\":\"ImageObject\",\"inLanguage\":\"en-US\",\"@id\":\"https:\/\/www.aguarda.es\/en\/#\/schema\/person\/image\/\",\"url\":\"https:\/\/secure.gravatar.com\/avatar\/5f90ef536b0f98306edf5c7a1135ffa1?s=96&d=mm&r=g\",\"contentUrl\":\"https:\/\/secure.gravatar.com\/avatar\/5f90ef536b0f98306edf5c7a1135ffa1?s=96&d=mm&r=g\",\"caption\":\"prensa\"},\"url\":\"https:\/\/www.aguarda.es\/en\/author\/prensa\/\"}]}<\/script>\n<!-- \/ Yoast SEO plugin. -->","yoast_head_json":{"title":"O Concello da Guarda informa da execuci\u00f3n das obras de peatonalizaci\u00f3n parcial da Praza do Rel\u00f3 - Concello da Guarda","robots":{"index":"index","follow":"follow","max-snippet":"max-snippet:-1","max-image-preview":"max-image-preview:large","max-video-preview":"max-video-preview:-1"},"canonical":"https:\/\/www.aguarda.es\/en\/o-concello-da-guarda-informa-da-execucion-das-obras-de-peatonalizacion-parcial-da-praza-relo\/","og_locale":"en_US","og_type":"article","og_title":"O Concello da Guarda informa da execuci\u00f3n das obras de peatonalizaci\u00f3n parcial da Praza do Rel\u00f3 - Concello da Guarda","og_description":"O Concello da Guarda informa da execuci\u00f3n das obras de peatonalizaci\u00f3n parcial da Praza do Rel\u00f3","og_url":"https:\/\/www.aguarda.es\/en\/o-concello-da-guarda-informa-da-execucion-das-obras-de-peatonalizacion-parcial-da-praza-relo\/","og_site_name":"Concello da Guarda","article_publisher":"https:\/\/www.facebook.com\/ConcellodaGuarda","article_published_time":"2017-03-31T12:01:25+00:00","article_modified_time":"2017-04-05T13:31:37+00:00","og_image":[{"width":1000,"height":750,"url":"https:\/\/www.aguarda.es\/wp-content\/uploads\/2017\/04\/b_Praza-Rel\u00f3-Coches-2.jpg","type":"image\/jpeg"}],"author":"prensa","twitter_card":"summary_large_image","twitter_creator":"@AGuarda_es","twitter_site":"@AGuarda_es","twitter_misc":{"Written by":"prensa","Est. reading time":"1 minute"},"schema":{"@context":"https:\/\/schema.org","@graph":[{"@type":"WebPage","@id":"https:\/\/www.aguarda.es\/en\/o-concello-da-guarda-informa-da-execucion-das-obras-de-peatonalizacion-parcial-da-praza-relo\/","url":"https:\/\/www.aguarda.es\/en\/o-concello-da-guarda-informa-da-execucion-das-obras-de-peatonalizacion-parcial-da-praza-relo\/","name":"O Concello da Guarda informa da execuci\u00f3n das obras de peatonalizaci\u00f3n parcial da Praza do Rel\u00f3 - Concello da Guarda","isPartOf":{"@id":"https:\/\/www.aguarda.es\/en\/#website"},"datePublished":"2017-03-31T12:01:25+00:00","dateModified":"2017-04-05T13:31:37+00:00","author":{"@id":"https:\/\/www.aguarda.es\/en\/#\/schema\/person\/c463ca3006858ffb349d11179d044f21"},"breadcrumb":{"@id":"https:\/\/www.aguarda.es\/en\/o-concello-da-guarda-informa-da-execucion-das-obras-de-peatonalizacion-parcial-da-praza-relo\/#breadcrumb"},"inLanguage":"en-US","potentialAction":[{"@type":"ReadAction","target":["https:\/\/www.aguarda.es\/en\/o-concello-da-guarda-informa-da-execucion-das-obras-de-peatonalizacion-parcial-da-praza-relo\/"]}]},{"@type":"BreadcrumbList","@id":"https:\/\/www.aguarda.es\/en\/o-concello-da-guarda-informa-da-execucion-das-obras-de-peatonalizacion-parcial-da-praza-relo\/#breadcrumb","itemListElement":[{"@type":"ListItem","position":1,"name":"Portada","item":"https:\/\/www.aguarda.es\/en\/"},{"@type":"ListItem","position":2,"name":"O Concello da Guarda informa da execuci\u00f3n das obras de peatonalizaci\u00f3n parcial da Praza do Rel\u00f3"}]},{"@type":"WebSite","@id":"https:\/\/www.aguarda.es\/en\/#website","url":"https:\/\/www.aguarda.es\/en\/","name":"Concello da Guarda","description":"P\u00e1xina web do concello da Guarda","potentialAction":[{"@type":"SearchAction","target":{"@type":"EntryPoint","urlTemplate":"https:\/\/www.aguarda.es\/en\/?s={search_term_string}"},"query-input":"required name=search_term_string"}],"inLanguage":"en-US"},{"@type":"Person","@id":"https:\/\/www.aguarda.es\/en\/#\/schema\/person\/c463ca3006858ffb349d11179d044f21","name":"prensa","image":{"@type":"ImageObject","inLanguage":"en-US","@id":"https:\/\/www.aguarda.es\/en\/#\/schema\/person\/image\/","url":"https:\/\/secure.gravatar.com\/avatar\/5f90ef536b0f98306edf5c7a1135ffa1?s=96&d=mm&r=g","contentUrl":"https:\/\/secure.gravatar.com\/avatar\/5f90ef536b0f98306edf5c7a1135ffa1?s=96&d=mm&r=g","caption":"prensa"},"url":"https:\/\/www.aguarda.es\/en\/author\/prensa\/"}]}},"_links":{"self":[{"href":"https:\/\/www.aguarda.es\/en\/wp-json\/wp\/v2\/posts\/8259"}],"collection":[{"href":"https:\/\/www.aguarda.es\/en\/wp-json\/wp\/v2\/posts"}],"about":[{"href":"https:\/\/www.aguarda.es\/en\/wp-json\/wp\/v2\/types\/post"}],"author":[{"embeddable":true,"href":"https:\/\/www.aguarda.es\/en\/wp-json\/wp\/v2\/users\/2"}],"replies":[{"embeddable":true,"href":"https:\/\/www.aguarda.es\/en\/wp-json\/wp\/v2\/comments?post=8259"}],"version-history":[{"count":2,"href":"https:\/\/www.aguarda.es\/en\/wp-json\/wp\/v2\/posts\/8259\/revisions"}],"predecessor-version":[{"id":8271,"href":"https:\/\/www.aguarda.es\/en\/wp-json\/wp\/v2\/posts\/8259\/revisions\/8271"}],"wp:featuredmedia":[{"embeddable":true,"href":"https:\/\/www.aguarda.es\/en\/wp-json\/wp\/v2\/media\/8260"}],"wp:attachment":[{"href":"https:\/\/www.aguarda.es\/en\/wp-json\/wp\/v2\/media?parent=8259"}],"wp:term":[{"taxonomy":"category","embeddable":true,"href":"https:\/\/www.aguarda.es\/en\/wp-json\/wp\/v2\/categories?post=8259"},{"taxonomy":"post_tag","embeddable":true,"href":"https:\/\/www.aguarda.es\/en\/wp-json\/wp\/v2\/tags?post=8259"}],"curies":[{"name":"wp","href":"https:\/\/api.w.org\/{rel}","templated":true}]}}