{"id":8266,"date":"2017-04-05T12:43:39","date_gmt":"2017-04-05T12:43:39","guid":{"rendered":"https:\/\/www.aguarda.es\/?p=8266"},"modified":"2017-04-05T12:45:52","modified_gmt":"2017-04-05T12:45:52","slug":"o-concello-da-guarda-presenta-sua-nova-ferramenta-de-administracion-electronica","status":"publish","type":"post","link":"https:\/\/www.aguarda.es\/en\/o-concello-da-guarda-presenta-sua-nova-ferramenta-de-administracion-electronica\/","title":{"rendered":"O Concello da Guarda presenta a s\u00faa nova ferramenta de administraci\u00f3n electr\u00f3nica"},"content":{"rendered":"<p class=\"western\" lang=\"gl-ES\">A partir de agora os guardeses e guardesas poder\u00e1n interactuar co seu Concello e realizar tr\u00e1mites administrativos sen sa\u00edr da s\u00faa casa. O concello, a trav\u00e9s da Deputaci\u00f3n de Pontevedra que contratou o servizo de administraci\u00f3n electr\u00f3nica para concellos , v\u00e9n de implementar unha nova ferramenta que busca modernizar a xesti\u00f3n administrativa e ofrecer aos cidad\u00e1ns a posibilidade de realizar xesti\u00f3ns a trav\u00e9s de Internet.<\/p>\n<p class=\"western\" lang=\"gl-ES\">Con esta nova sede de administraci\u00f3n electr\u00f3nica o Concello da Guarda, ademais, cumpre a Ley 11\/2007 de Acceso Electr\u00f3nico de los Ciudadanos a los Servicios P\u00fablicos que entrou en vigor o 1 de xaneiro de 2010 e que se consolidou na Ley 39\/2015 e 40\/2015 que outorga o dereito aos cidad\u00e1ns de ter unha administraci\u00f3n electr\u00f3nica, resolutiva e capaz de relacionarse con eles sen esperas e desde calquera lugar.<\/p>\n<p class=\"western\" lang=\"gl-ES\">A iniciativa foi implantada pola empresa espa\u00f1ola esPublico, especializada en servizos xur\u00eddicos e na modernizaci\u00f3n administrativa para a Administraci\u00f3n Local, e conta ca con m\u00e1is de 4.600 Concellos en toda Espa\u00f1a e clientes en todas as provincias do Estado. A ferramenta, chamada Gestiona, caracter\u00edzase pola s\u00faa sinxeleza e facilidade de uso tanto para o funcionario como para o p\u00fablico, o que se combina coa m\u00e1is novidosa tecnolox\u00eda e o estrito cumprimento da lei. A aplicaci\u00f3n integra na mesma ferramenta a posibilidade de realizar rexistros electr\u00f3nicos, expedientes dixitais dentro do Concello e unha oficina virtual para o cidad\u00e1n na que ademais de iniciar os seu tr\u00e1mites pode consultar en todo momento o estado da s\u00faa solicitude.<\/p>\n<p class=\"western\" lang=\"gl-ES\">Con esta ferramenta o Concello da Guarda convertese nun municipio punteiro na prestaci\u00f3n de servizos ao p\u00fablico, do cal ser\u00e1n beneficiarias todas as persoas e, en especial, aquelas que por distintas raz\u00f3ns non podan achegarse \u00e1s oficinas municipais para realizar en persoas os tr\u00e1mites administrativos. Grazas \u00e1 nova Sede Electr\u00f3nica do Concello, <span style=\"color: #4c6f99\"><a href=\"http:\/\/aguarda.sedelectronica.gal\/info.0\">http:\/\/aguarda.sedelectronica.gal\/info.0<\/a><\/span>, os guardeses e guardesas poder\u00e1n aforrar tempo, se reducir\u00e1n as colas de espera no Concello e os funcionarios axilizar\u00e1n o seu traballo diario.<\/p>\n","protected":false},"excerpt":{"rendered":"<p>A partir de agora os guardeses e guardesas poder\u00e1n interactuar co seu Concello e realizar tr\u00e1mites administrativos sen sa\u00edr da s\u00faa casa. O concello, a trav\u00e9s da Deputaci\u00f3n de Pontevedra que contratou o servizo de administraci\u00f3n electr\u00f3nica para concellos , &hellip; <\/p>\n","protected":false},"author":2,"featured_media":8267,"comment_status":"open","ping_status":"open","sticky":false,"template":"","format":"standard","meta":[],"categories":[42],"tags":[226,256,225,258,257,259],"yoast_head":"<!-- This site is optimized with the Yoast SEO plugin v21.1 - https:\/\/yoast.com\/wordpress\/plugins\/seo\/ -->\n<title>O Concello da Guarda presenta a s\u00faa nova ferramenta de administraci\u00f3n electr\u00f3nica - Concello da Guarda<\/title>\n<meta name=\"robots\" content=\"index, follow, max-snippet:-1, max-image-preview:large, max-video-preview:-1\" \/>\n<link rel=\"canonical\" href=\"https:\/\/www.aguarda.es\/en\/o-concello-da-guarda-presenta-sua-nova-ferramenta-de-administracion-electronica\/\" \/>\n<meta property=\"og:locale\" content=\"en_US\" \/>\n<meta property=\"og:type\" content=\"article\" \/>\n<meta property=\"og:title\" content=\"O Concello da Guarda presenta a s\u00faa nova ferramenta de administraci\u00f3n electr\u00f3nica - Concello da Guarda\" \/>\n<meta property=\"og:description\" content=\"A partir de agora os guardeses e guardesas poder\u00e1n interactuar co seu Concello e realizar tr\u00e1mites administrativos sen sa\u00edr da s\u00faa casa. O concello, a trav\u00e9s da Deputaci\u00f3n de Pontevedra que contratou o servizo de administraci\u00f3n electr\u00f3nica para concellos , &hellip;\" \/>\n<meta property=\"og:url\" content=\"https:\/\/www.aguarda.es\/en\/o-concello-da-guarda-presenta-sua-nova-ferramenta-de-administracion-electronica\/\" \/>\n<meta property=\"og:site_name\" content=\"Concello da Guarda\" \/>\n<meta property=\"article:publisher\" content=\"https:\/\/www.facebook.com\/ConcellodaGuarda\" \/>\n<meta property=\"article:published_time\" content=\"2017-04-05T12:43:39+00:00\" \/>\n<meta property=\"article:modified_time\" content=\"2017-04-05T12:45:52+00:00\" \/>\n<meta property=\"og:image\" content=\"https:\/\/www.aguarda.es\/wp-content\/uploads\/2017\/04\/Sede-electr\u00f3nica-Concello-da-Guarda.png\" \/>\n\t<meta property=\"og:image:width\" content=\"800\" \/>\n\t<meta property=\"og:image:height\" content=\"482\" \/>\n\t<meta property=\"og:image:type\" content=\"image\/png\" \/>\n<meta name=\"author\" content=\"prensa\" \/>\n<meta name=\"twitter:card\" content=\"summary_large_image\" \/>\n<meta name=\"twitter:creator\" content=\"@AGuarda_es\" \/>\n<meta name=\"twitter:site\" content=\"@AGuarda_es\" \/>\n<meta name=\"twitter:label1\" content=\"Written by\" \/>\n\t<meta name=\"twitter:data1\" content=\"prensa\" \/>\n\t<meta name=\"twitter:label2\" content=\"Est. reading time\" \/>\n\t<meta name=\"twitter:data2\" content=\"2 minutes\" \/>\n<script type=\"application\/ld+json\" class=\"yoast-schema-graph\">{\"@context\":\"https:\/\/schema.org\",\"@graph\":[{\"@type\":\"WebPage\",\"@id\":\"https:\/\/www.aguarda.es\/en\/o-concello-da-guarda-presenta-sua-nova-ferramenta-de-administracion-electronica\/\",\"url\":\"https:\/\/www.aguarda.es\/en\/o-concello-da-guarda-presenta-sua-nova-ferramenta-de-administracion-electronica\/\",\"name\":\"O Concello da Guarda presenta a s\u00faa nova ferramenta de administraci\u00f3n electr\u00f3nica - Concello da Guarda\",\"isPartOf\":{\"@id\":\"https:\/\/www.aguarda.es\/en\/#website\"},\"datePublished\":\"2017-04-05T12:43:39+00:00\",\"dateModified\":\"2017-04-05T12:45:52+00:00\",\"author\":{\"@id\":\"https:\/\/www.aguarda.es\/en\/#\/schema\/person\/c463ca3006858ffb349d11179d044f21\"},\"breadcrumb\":{\"@id\":\"https:\/\/www.aguarda.es\/en\/o-concello-da-guarda-presenta-sua-nova-ferramenta-de-administracion-electronica\/#breadcrumb\"},\"inLanguage\":\"en-US\",\"potentialAction\":[{\"@type\":\"ReadAction\",\"target\":[\"https:\/\/www.aguarda.es\/en\/o-concello-da-guarda-presenta-sua-nova-ferramenta-de-administracion-electronica\/\"]}]},{\"@type\":\"BreadcrumbList\",\"@id\":\"https:\/\/www.aguarda.es\/en\/o-concello-da-guarda-presenta-sua-nova-ferramenta-de-administracion-electronica\/#breadcrumb\",\"itemListElement\":[{\"@type\":\"ListItem\",\"position\":1,\"name\":\"Portada\",\"item\":\"https:\/\/www.aguarda.es\/en\/\"},{\"@type\":\"ListItem\",\"position\":2,\"name\":\"O Concello da Guarda presenta a s\u00faa nova ferramenta de administraci\u00f3n electr\u00f3nica\"}]},{\"@type\":\"WebSite\",\"@id\":\"https:\/\/www.aguarda.es\/en\/#website\",\"url\":\"https:\/\/www.aguarda.es\/en\/\",\"name\":\"Concello da Guarda\",\"description\":\"P\u00e1xina web do concello da Guarda\",\"potentialAction\":[{\"@type\":\"SearchAction\",\"target\":{\"@type\":\"EntryPoint\",\"urlTemplate\":\"https:\/\/www.aguarda.es\/en\/?s={search_term_string}\"},\"query-input\":\"required name=search_term_string\"}],\"inLanguage\":\"en-US\"},{\"@type\":\"Person\",\"@id\":\"https:\/\/www.aguarda.es\/en\/#\/schema\/person\/c463ca3006858ffb349d11179d044f21\",\"name\":\"prensa\",\"image\":{\"@type\":\"ImageObject\",\"inLanguage\":\"en-US\",\"@id\":\"https:\/\/www.aguarda.es\/en\/#\/schema\/person\/image\/\",\"url\":\"https:\/\/secure.gravatar.com\/avatar\/5f90ef536b0f98306edf5c7a1135ffa1?s=96&d=mm&r=g\",\"contentUrl\":\"https:\/\/secure.gravatar.com\/avatar\/5f90ef536b0f98306edf5c7a1135ffa1?s=96&d=mm&r=g\",\"caption\":\"prensa\"},\"url\":\"https:\/\/www.aguarda.es\/en\/author\/prensa\/\"}]}<\/script>\n<!-- \/ Yoast SEO plugin. -->","yoast_head_json":{"title":"O Concello da Guarda presenta a s\u00faa nova ferramenta de administraci\u00f3n electr\u00f3nica - Concello da Guarda","robots":{"index":"index","follow":"follow","max-snippet":"max-snippet:-1","max-image-preview":"max-image-preview:large","max-video-preview":"max-video-preview:-1"},"canonical":"https:\/\/www.aguarda.es\/en\/o-concello-da-guarda-presenta-sua-nova-ferramenta-de-administracion-electronica\/","og_locale":"en_US","og_type":"article","og_title":"O Concello da Guarda presenta a s\u00faa nova ferramenta de administraci\u00f3n electr\u00f3nica - Concello da Guarda","og_description":"A partir de agora os guardeses e guardesas poder\u00e1n interactuar co seu Concello e realizar tr\u00e1mites administrativos sen sa\u00edr da s\u00faa casa. O concello, a trav\u00e9s da Deputaci\u00f3n de Pontevedra que contratou o servizo de administraci\u00f3n electr\u00f3nica para concellos , &hellip;","og_url":"https:\/\/www.aguarda.es\/en\/o-concello-da-guarda-presenta-sua-nova-ferramenta-de-administracion-electronica\/","og_site_name":"Concello da Guarda","article_publisher":"https:\/\/www.facebook.com\/ConcellodaGuarda","article_published_time":"2017-04-05T12:43:39+00:00","article_modified_time":"2017-04-05T12:45:52+00:00","og_image":[{"width":800,"height":482,"url":"https:\/\/www.aguarda.es\/wp-content\/uploads\/2017\/04\/Sede-electr\u00f3nica-Concello-da-Guarda.png","type":"image\/png"}],"author":"prensa","twitter_card":"summary_large_image","twitter_creator":"@AGuarda_es","twitter_site":"@AGuarda_es","twitter_misc":{"Written by":"prensa","Est. reading time":"2 minutes"},"schema":{"@context":"https:\/\/schema.org","@graph":[{"@type":"WebPage","@id":"https:\/\/www.aguarda.es\/en\/o-concello-da-guarda-presenta-sua-nova-ferramenta-de-administracion-electronica\/","url":"https:\/\/www.aguarda.es\/en\/o-concello-da-guarda-presenta-sua-nova-ferramenta-de-administracion-electronica\/","name":"O Concello da Guarda presenta a s\u00faa nova ferramenta de administraci\u00f3n electr\u00f3nica - Concello da Guarda","isPartOf":{"@id":"https:\/\/www.aguarda.es\/en\/#website"},"datePublished":"2017-04-05T12:43:39+00:00","dateModified":"2017-04-05T12:45:52+00:00","author":{"@id":"https:\/\/www.aguarda.es\/en\/#\/schema\/person\/c463ca3006858ffb349d11179d044f21"},"breadcrumb":{"@id":"https:\/\/www.aguarda.es\/en\/o-concello-da-guarda-presenta-sua-nova-ferramenta-de-administracion-electronica\/#breadcrumb"},"inLanguage":"en-US","potentialAction":[{"@type":"ReadAction","target":["https:\/\/www.aguarda.es\/en\/o-concello-da-guarda-presenta-sua-nova-ferramenta-de-administracion-electronica\/"]}]},{"@type":"BreadcrumbList","@id":"https:\/\/www.aguarda.es\/en\/o-concello-da-guarda-presenta-sua-nova-ferramenta-de-administracion-electronica\/#breadcrumb","itemListElement":[{"@type":"ListItem","position":1,"name":"Portada","item":"https:\/\/www.aguarda.es\/en\/"},{"@type":"ListItem","position":2,"name":"O Concello da Guarda presenta a s\u00faa nova ferramenta de administraci\u00f3n electr\u00f3nica"}]},{"@type":"WebSite","@id":"https:\/\/www.aguarda.es\/en\/#website","url":"https:\/\/www.aguarda.es\/en\/","name":"Concello da Guarda","description":"P\u00e1xina web do concello da Guarda","potentialAction":[{"@type":"SearchAction","target":{"@type":"EntryPoint","urlTemplate":"https:\/\/www.aguarda.es\/en\/?s={search_term_string}"},"query-input":"required name=search_term_string"}],"inLanguage":"en-US"},{"@type":"Person","@id":"https:\/\/www.aguarda.es\/en\/#\/schema\/person\/c463ca3006858ffb349d11179d044f21","name":"prensa","image":{"@type":"ImageObject","inLanguage":"en-US","@id":"https:\/\/www.aguarda.es\/en\/#\/schema\/person\/image\/","url":"https:\/\/secure.gravatar.com\/avatar\/5f90ef536b0f98306edf5c7a1135ffa1?s=96&d=mm&r=g","contentUrl":"https:\/\/secure.gravatar.com\/avatar\/5f90ef536b0f98306edf5c7a1135ffa1?s=96&d=mm&r=g","caption":"prensa"},"url":"https:\/\/www.aguarda.es\/en\/author\/prensa\/"}]}},"_links":{"self":[{"href":"https:\/\/www.aguarda.es\/en\/wp-json\/wp\/v2\/posts\/8266"}],"collection":[{"href":"https:\/\/www.aguarda.es\/en\/wp-json\/wp\/v2\/posts"}],"about":[{"href":"https:\/\/www.aguarda.es\/en\/wp-json\/wp\/v2\/types\/post"}],"author":[{"embeddable":true,"href":"https:\/\/www.aguarda.es\/en\/wp-json\/wp\/v2\/users\/2"}],"replies":[{"embeddable":true,"href":"https:\/\/www.aguarda.es\/en\/wp-json\/wp\/v2\/comments?post=8266"}],"version-history":[{"count":1,"href":"https:\/\/www.aguarda.es\/en\/wp-json\/wp\/v2\/posts\/8266\/revisions"}],"predecessor-version":[{"id":8268,"href":"https:\/\/www.aguarda.es\/en\/wp-json\/wp\/v2\/posts\/8266\/revisions\/8268"}],"wp:featuredmedia":[{"embeddable":true,"href":"https:\/\/www.aguarda.es\/en\/wp-json\/wp\/v2\/media\/8267"}],"wp:attachment":[{"href":"https:\/\/www.aguarda.es\/en\/wp-json\/wp\/v2\/media?parent=8266"}],"wp:term":[{"taxonomy":"category","embeddable":true,"href":"https:\/\/www.aguarda.es\/en\/wp-json\/wp\/v2\/categories?post=8266"},{"taxonomy":"post_tag","embeddable":true,"href":"https:\/\/www.aguarda.es\/en\/wp-json\/wp\/v2\/tags?post=8266"}],"curies":[{"name":"wp","href":"https:\/\/api.w.org\/{rel}","templated":true}]}}