{"id":8574,"date":"2017-04-28T12:02:38","date_gmt":"2017-04-28T12:02:38","guid":{"rendered":"https:\/\/www.aguarda.es\/?p=8574"},"modified":"2017-04-28T12:02:38","modified_gmt":"2017-04-28T12:02:38","slug":"agrupacion-musical-da-guarda-amenizara-ultima-fin-de-semana-de-abril-co-concerto-de-primavera","status":"publish","type":"post","link":"https:\/\/www.aguarda.es\/en\/agrupacion-musical-da-guarda-amenizara-ultima-fin-de-semana-de-abril-co-concerto-de-primavera\/","title":{"rendered":"A Agrupaci\u00f3n Musical da Guarda amenizar\u00e1 a \u00faltima fin de semana de abril co &#8216;Concerto de Primavera&#8217;"},"content":{"rendered":"<p class=\"western\" lang=\"gl-ES\">Esta vindeira fin de semana a Agrupaci\u00f3n Musical da Guarda quere convidar a todos ao seu Concerto de Primavera, co que A Guarda despedir\u00e1 o mes de abril e dar\u00e1 a benvida ao mes das flores, das alfombras e da primavera por excelencia.<\/p>\n<p class=\"western\" lang=\"gl-ES\">Este concerto celebrarase o s\u00e1bado 29 de abril na Praza do Rel\u00f3 da Guarda e, en caso de tempo desapracible, na Casa dos Alonso. A velada dar\u00e1 comezo \u00e1s 20&#8217;30 horas e nela a Agrupaci\u00f3n Musical da Guarda interpretar\u00e1 diferentes pezas musicais do seu repertorio nun acto que da comezo \u00e1s s\u00faas actividades de primavera-ver\u00e1n.<\/p>\n<p class=\"western\" lang=\"gl-ES\">O Concello da Guarda, que colabora neste evento organizado pola Agrupaci\u00f3n Musical da Guarda, tam\u00e9n anima a t\u00f3dolos veci\u00f1os, veci\u00f1as e visitantes a achegarse ata A Guarda nesta ponte do Primeiro de Maio e aproveitar para desfrutar deste concerto.<\/p>\n","protected":false},"excerpt":{"rendered":"<p>Esta vindeira fin de semana a Agrupaci\u00f3n Musical da Guarda quere convidar a todos ao seu Concerto de Primavera, co que A Guarda despedir\u00e1 o mes de abril e dar\u00e1 a benvida ao mes das flores, das alfombras e da &hellip; <\/p>\n","protected":false},"author":2,"featured_media":8576,"comment_status":"open","ping_status":"open","sticky":false,"template":"","format":"standard","meta":[],"categories":[34],"tags":[226,313,225,243,232,236],"yoast_head":"<!-- This site is optimized with the Yoast SEO plugin v21.1 - https:\/\/yoast.com\/wordpress\/plugins\/seo\/ -->\n<title>A Agrupaci\u00f3n Musical da Guarda amenizar\u00e1 a \u00faltima fin de semana de abril co &#039;Concerto de Primavera&#039; - Concello da Guarda<\/title>\n<meta name=\"robots\" content=\"index, follow, max-snippet:-1, max-image-preview:large, max-video-preview:-1\" \/>\n<link rel=\"canonical\" href=\"https:\/\/www.aguarda.es\/en\/agrupacion-musical-da-guarda-amenizara-ultima-fin-de-semana-de-abril-co-concerto-de-primavera\/\" \/>\n<meta property=\"og:locale\" content=\"en_US\" \/>\n<meta property=\"og:type\" content=\"article\" \/>\n<meta property=\"og:title\" content=\"A Agrupaci\u00f3n Musical da Guarda amenizar\u00e1 a \u00faltima fin de semana de abril co &#039;Concerto de Primavera&#039; - Concello da Guarda\" \/>\n<meta property=\"og:description\" content=\"Esta vindeira fin de semana a Agrupaci\u00f3n Musical da Guarda quere convidar a todos ao seu Concerto de Primavera, co que A Guarda despedir\u00e1 o mes de abril e dar\u00e1 a benvida ao mes das flores, das alfombras e da &hellip;\" \/>\n<meta property=\"og:url\" content=\"https:\/\/www.aguarda.es\/en\/agrupacion-musical-da-guarda-amenizara-ultima-fin-de-semana-de-abril-co-concerto-de-primavera\/\" \/>\n<meta property=\"og:site_name\" content=\"Concello da Guarda\" \/>\n<meta property=\"article:publisher\" content=\"https:\/\/www.facebook.com\/ConcellodaGuarda\" \/>\n<meta property=\"article:published_time\" content=\"2017-04-28T12:02:38+00:00\" \/>\n<meta property=\"og:image\" content=\"https:\/\/www.aguarda.es\/wp-content\/uploads\/2017\/04\/Agrupaci\u00f3n-Musical-Concerto-Primavera-horizontal.jpg\" \/>\n\t<meta property=\"og:image:width\" content=\"674\" \/>\n\t<meta property=\"og:image:height\" content=\"410\" \/>\n\t<meta property=\"og:image:type\" content=\"image\/jpeg\" \/>\n<meta name=\"author\" content=\"prensa\" \/>\n<meta name=\"twitter:card\" content=\"summary_large_image\" \/>\n<meta name=\"twitter:creator\" content=\"@AGuarda_es\" \/>\n<meta name=\"twitter:site\" content=\"@AGuarda_es\" \/>\n<meta name=\"twitter:label1\" content=\"Written by\" \/>\n\t<meta name=\"twitter:data1\" content=\"prensa\" \/>\n\t<meta name=\"twitter:label2\" content=\"Est. reading time\" \/>\n\t<meta name=\"twitter:data2\" content=\"1 minute\" \/>\n<script type=\"application\/ld+json\" class=\"yoast-schema-graph\">{\"@context\":\"https:\/\/schema.org\",\"@graph\":[{\"@type\":\"WebPage\",\"@id\":\"https:\/\/www.aguarda.es\/en\/agrupacion-musical-da-guarda-amenizara-ultima-fin-de-semana-de-abril-co-concerto-de-primavera\/\",\"url\":\"https:\/\/www.aguarda.es\/en\/agrupacion-musical-da-guarda-amenizara-ultima-fin-de-semana-de-abril-co-concerto-de-primavera\/\",\"name\":\"A Agrupaci\u00f3n Musical da Guarda amenizar\u00e1 a \u00faltima fin de semana de abril co 'Concerto de Primavera' - Concello da Guarda\",\"isPartOf\":{\"@id\":\"https:\/\/www.aguarda.es\/en\/#website\"},\"datePublished\":\"2017-04-28T12:02:38+00:00\",\"dateModified\":\"2017-04-28T12:02:38+00:00\",\"author\":{\"@id\":\"https:\/\/www.aguarda.es\/en\/#\/schema\/person\/c463ca3006858ffb349d11179d044f21\"},\"breadcrumb\":{\"@id\":\"https:\/\/www.aguarda.es\/en\/agrupacion-musical-da-guarda-amenizara-ultima-fin-de-semana-de-abril-co-concerto-de-primavera\/#breadcrumb\"},\"inLanguage\":\"en-US\",\"potentialAction\":[{\"@type\":\"ReadAction\",\"target\":[\"https:\/\/www.aguarda.es\/en\/agrupacion-musical-da-guarda-amenizara-ultima-fin-de-semana-de-abril-co-concerto-de-primavera\/\"]}]},{\"@type\":\"BreadcrumbList\",\"@id\":\"https:\/\/www.aguarda.es\/en\/agrupacion-musical-da-guarda-amenizara-ultima-fin-de-semana-de-abril-co-concerto-de-primavera\/#breadcrumb\",\"itemListElement\":[{\"@type\":\"ListItem\",\"position\":1,\"name\":\"Portada\",\"item\":\"https:\/\/www.aguarda.es\/en\/\"},{\"@type\":\"ListItem\",\"position\":2,\"name\":\"A Agrupaci\u00f3n Musical da Guarda amenizar\u00e1 a \u00faltima fin de semana de abril co &#8216;Concerto de Primavera&#8217;\"}]},{\"@type\":\"WebSite\",\"@id\":\"https:\/\/www.aguarda.es\/en\/#website\",\"url\":\"https:\/\/www.aguarda.es\/en\/\",\"name\":\"Concello da Guarda\",\"description\":\"P\u00e1xina web do concello da Guarda\",\"potentialAction\":[{\"@type\":\"SearchAction\",\"target\":{\"@type\":\"EntryPoint\",\"urlTemplate\":\"https:\/\/www.aguarda.es\/en\/?s={search_term_string}\"},\"query-input\":\"required name=search_term_string\"}],\"inLanguage\":\"en-US\"},{\"@type\":\"Person\",\"@id\":\"https:\/\/www.aguarda.es\/en\/#\/schema\/person\/c463ca3006858ffb349d11179d044f21\",\"name\":\"prensa\",\"image\":{\"@type\":\"ImageObject\",\"inLanguage\":\"en-US\",\"@id\":\"https:\/\/www.aguarda.es\/en\/#\/schema\/person\/image\/\",\"url\":\"https:\/\/secure.gravatar.com\/avatar\/5f90ef536b0f98306edf5c7a1135ffa1?s=96&d=mm&r=g\",\"contentUrl\":\"https:\/\/secure.gravatar.com\/avatar\/5f90ef536b0f98306edf5c7a1135ffa1?s=96&d=mm&r=g\",\"caption\":\"prensa\"},\"url\":\"https:\/\/www.aguarda.es\/en\/author\/prensa\/\"}]}<\/script>\n<!-- \/ Yoast SEO plugin. -->","yoast_head_json":{"title":"A Agrupaci\u00f3n Musical da Guarda amenizar\u00e1 a \u00faltima fin de semana de abril co 'Concerto de Primavera' - Concello da Guarda","robots":{"index":"index","follow":"follow","max-snippet":"max-snippet:-1","max-image-preview":"max-image-preview:large","max-video-preview":"max-video-preview:-1"},"canonical":"https:\/\/www.aguarda.es\/en\/agrupacion-musical-da-guarda-amenizara-ultima-fin-de-semana-de-abril-co-concerto-de-primavera\/","og_locale":"en_US","og_type":"article","og_title":"A Agrupaci\u00f3n Musical da Guarda amenizar\u00e1 a \u00faltima fin de semana de abril co 'Concerto de Primavera' - Concello da Guarda","og_description":"Esta vindeira fin de semana a Agrupaci\u00f3n Musical da Guarda quere convidar a todos ao seu Concerto de Primavera, co que A Guarda despedir\u00e1 o mes de abril e dar\u00e1 a benvida ao mes das flores, das alfombras e da &hellip;","og_url":"https:\/\/www.aguarda.es\/en\/agrupacion-musical-da-guarda-amenizara-ultima-fin-de-semana-de-abril-co-concerto-de-primavera\/","og_site_name":"Concello da Guarda","article_publisher":"https:\/\/www.facebook.com\/ConcellodaGuarda","article_published_time":"2017-04-28T12:02:38+00:00","og_image":[{"width":674,"height":410,"url":"https:\/\/www.aguarda.es\/wp-content\/uploads\/2017\/04\/Agrupaci\u00f3n-Musical-Concerto-Primavera-horizontal.jpg","type":"image\/jpeg"}],"author":"prensa","twitter_card":"summary_large_image","twitter_creator":"@AGuarda_es","twitter_site":"@AGuarda_es","twitter_misc":{"Written by":"prensa","Est. reading time":"1 minute"},"schema":{"@context":"https:\/\/schema.org","@graph":[{"@type":"WebPage","@id":"https:\/\/www.aguarda.es\/en\/agrupacion-musical-da-guarda-amenizara-ultima-fin-de-semana-de-abril-co-concerto-de-primavera\/","url":"https:\/\/www.aguarda.es\/en\/agrupacion-musical-da-guarda-amenizara-ultima-fin-de-semana-de-abril-co-concerto-de-primavera\/","name":"A Agrupaci\u00f3n Musical da Guarda amenizar\u00e1 a \u00faltima fin de semana de abril co 'Concerto de Primavera' - Concello da Guarda","isPartOf":{"@id":"https:\/\/www.aguarda.es\/en\/#website"},"datePublished":"2017-04-28T12:02:38+00:00","dateModified":"2017-04-28T12:02:38+00:00","author":{"@id":"https:\/\/www.aguarda.es\/en\/#\/schema\/person\/c463ca3006858ffb349d11179d044f21"},"breadcrumb":{"@id":"https:\/\/www.aguarda.es\/en\/agrupacion-musical-da-guarda-amenizara-ultima-fin-de-semana-de-abril-co-concerto-de-primavera\/#breadcrumb"},"inLanguage":"en-US","potentialAction":[{"@type":"ReadAction","target":["https:\/\/www.aguarda.es\/en\/agrupacion-musical-da-guarda-amenizara-ultima-fin-de-semana-de-abril-co-concerto-de-primavera\/"]}]},{"@type":"BreadcrumbList","@id":"https:\/\/www.aguarda.es\/en\/agrupacion-musical-da-guarda-amenizara-ultima-fin-de-semana-de-abril-co-concerto-de-primavera\/#breadcrumb","itemListElement":[{"@type":"ListItem","position":1,"name":"Portada","item":"https:\/\/www.aguarda.es\/en\/"},{"@type":"ListItem","position":2,"name":"A Agrupaci\u00f3n Musical da Guarda amenizar\u00e1 a \u00faltima fin de semana de abril co &#8216;Concerto de Primavera&#8217;"}]},{"@type":"WebSite","@id":"https:\/\/www.aguarda.es\/en\/#website","url":"https:\/\/www.aguarda.es\/en\/","name":"Concello da Guarda","description":"P\u00e1xina web do concello da Guarda","potentialAction":[{"@type":"SearchAction","target":{"@type":"EntryPoint","urlTemplate":"https:\/\/www.aguarda.es\/en\/?s={search_term_string}"},"query-input":"required name=search_term_string"}],"inLanguage":"en-US"},{"@type":"Person","@id":"https:\/\/www.aguarda.es\/en\/#\/schema\/person\/c463ca3006858ffb349d11179d044f21","name":"prensa","image":{"@type":"ImageObject","inLanguage":"en-US","@id":"https:\/\/www.aguarda.es\/en\/#\/schema\/person\/image\/","url":"https:\/\/secure.gravatar.com\/avatar\/5f90ef536b0f98306edf5c7a1135ffa1?s=96&d=mm&r=g","contentUrl":"https:\/\/secure.gravatar.com\/avatar\/5f90ef536b0f98306edf5c7a1135ffa1?s=96&d=mm&r=g","caption":"prensa"},"url":"https:\/\/www.aguarda.es\/en\/author\/prensa\/"}]}},"_links":{"self":[{"href":"https:\/\/www.aguarda.es\/en\/wp-json\/wp\/v2\/posts\/8574"}],"collection":[{"href":"https:\/\/www.aguarda.es\/en\/wp-json\/wp\/v2\/posts"}],"about":[{"href":"https:\/\/www.aguarda.es\/en\/wp-json\/wp\/v2\/types\/post"}],"author":[{"embeddable":true,"href":"https:\/\/www.aguarda.es\/en\/wp-json\/wp\/v2\/users\/2"}],"replies":[{"embeddable":true,"href":"https:\/\/www.aguarda.es\/en\/wp-json\/wp\/v2\/comments?post=8574"}],"version-history":[{"count":2,"href":"https:\/\/www.aguarda.es\/en\/wp-json\/wp\/v2\/posts\/8574\/revisions"}],"predecessor-version":[{"id":8598,"href":"https:\/\/www.aguarda.es\/en\/wp-json\/wp\/v2\/posts\/8574\/revisions\/8598"}],"wp:featuredmedia":[{"embeddable":true,"href":"https:\/\/www.aguarda.es\/en\/wp-json\/wp\/v2\/media\/8576"}],"wp:attachment":[{"href":"https:\/\/www.aguarda.es\/en\/wp-json\/wp\/v2\/media?parent=8574"}],"wp:term":[{"taxonomy":"category","embeddable":true,"href":"https:\/\/www.aguarda.es\/en\/wp-json\/wp\/v2\/categories?post=8574"},{"taxonomy":"post_tag","embeddable":true,"href":"https:\/\/www.aguarda.es\/en\/wp-json\/wp\/v2\/tags?post=8574"}],"curies":[{"name":"wp","href":"https:\/\/api.w.org\/{rel}","templated":true}]}}