{"id":922,"date":"2015-06-11T08:27:59","date_gmt":"2015-06-11T08:27:59","guid":{"rendered":"https:\/\/www.aguarda.es\/?p=922"},"modified":"2015-06-11T08:27:59","modified_gmt":"2015-06-11T08:27:59","slug":"bases-para-a-contratacion-laboral-temporal-dunha-praza-de-persoal-para-a-oficina-de-informacion-turistica-do-concello-da-guarda-o-abeiro-da-subvencion-convocada-pola-axencia-de-turismo-de-galicia-por","status":"publish","type":"post","link":"https:\/\/www.aguarda.es\/en\/bases-para-a-contratacion-laboral-temporal-dunha-praza-de-persoal-para-a-oficina-de-informacion-turistica-do-concello-da-guarda-o-abeiro-da-subvencion-convocada-pola-axencia-de-turismo-de-galicia-por\/","title":{"rendered":"BASES PARA A CONTRATACI\u00d3N LABORAL TEMPORAL DUNHA PRAZA DE PERSOAL PARA A OFICINA DE INFORMACI\u00d3N TUR\u00cdSTICA DO CONCELLO DA GUARDA \u00d3 ABEIRO DA SUBVENCI\u00d3N CONVOCADA POLA AXENCIA DE TURISMO DE GALICIA POR RESOLUCI\u00d3N DE 18 DE MARZO DE 2014, DOGA N\u00ba 12 DE 20.01."},"content":{"rendered":"\n<p>BASE 1\u00aa.- Contrataci\u00f3n laboral temporal dunha praza de persoal para a Oficina de informaci\u00f3n tur\u00edstica do Concello da Guarda, cunha duraci\u00f3n dende a sinatura do contrato e ata o 30 de setembro de 2015, cunha xornada de 40 horas semanais, de luns a domingo, co horario que determine a Conceller\u00eda de Turismo do Concello de A Guarda<br \/>Obxecto do contrato: as funci\u00f3ns a desenvolver consistir\u00e1n en proporcionar \u00f3s turistas e viaxeiros que o soliciten informaci\u00f3n no referente a aloxamento, transporte, gastronom\u00eda, etc, sendo a modalidade de contrataci\u00f3n a de obra ou servizo determinado.<br \/>Retribuci\u00f3ns: 1.358,03 euros mensuais brutos incluida a prorrata de pagas extras.<br \/>A forma de selecci\u00f3n ser\u00e1 a de oposici\u00f3n libre.<\/p>\n<p>BASE 2\u00aa.- Para seren admitidos \u00e1 realizaci\u00f3n das probas selectivas os aspirantes deber\u00e1n reunir os seguintes requisitos:<\/p>\n<p>A) Ter a nacionalidade espa\u00f1ola, sen perxu\u00edzo do disposto no artigo 57 do EBEP.<br \/>B) Ter cumpridos os 16 anos de idade e non ter alcanzado a idade de xubilaci\u00f3n forzosa.<br \/>C) Estar en posesi\u00f3n da seguinte titulaci\u00f3n: T\u00e9cnico superior de informaci\u00f3n e comercializaci\u00f3n tur\u00edstica ou t\u00e9cnico superior en gu\u00eda, informaci\u00f3n ou asistencia tur\u00edstica; t\u00e9cnico en empresas e actividades tur\u00edsticas; ou grao ou diplomado\/a de turismo ou equivalente homologado.<br \/>D) Non ter sido separado mediante expediente disciplinario do servizo de calquera das Administraci\u00f3ns P\u00fablicas ou dos \u00f3rganos constitucionais ou estatutarios das CC.AA., non atoparse en inhabilitaci\u00f3n absoluta ou especial para emprego ou cargos p\u00fablicos por resoluci\u00f3n xudicial, para o acceso \u00f3 corpo ou escala de funcionario, ou para exercer funci\u00f3ns similares \u00e1s que desenvolv\u00edan no caso do persoal laboral, no que tivera sido separado ou inhabilitado. No caso de ser nacional doutro estado, non atoparse inhabilitado ou en situaci\u00f3n equivalente non ter sido sometido a sanci\u00f3n disciplinario ou equivalente que impida no seu estado, nos mesmos termos, o acceso \u00f3 emprego p\u00fablico.<br \/>E) Non estar incurso en causa de incompatibilidade para o posto.<br \/>F) Estar desempregado\/a<\/p>\n<p>Todos os requisitos esixidos no apartado anterior deber\u00e1n posu\u00edlos os aspirantes no d\u00eda de remate do prazo para a presentaci\u00f3n de solicitudes e conservalos, ao menos, ata a data do seu nomeamento como persoal laboral, no seu caso.<\/p>\n<p>BASE 3\u00aa.- As solicitudes acompa\u00f1aranse coa documentaci\u00f3n compulsada que acredite as condici\u00f3ns m\u00ednimas esixidas nesta convocatoria, as\u00ed como copia do DNI, nas oficinas municipais (rexistro xeral do Concello da Guarda de luns a venres (de 9:00 a 14:00 horas) e os s\u00e1bados (de 10:00 a 13:00 horas), ou en calquera das formas que sinala o art. 38.4 da Lei 30\/92, do 26 de novembro, de R\u00e9xime Xur\u00eddico e do Procedemento Administrativo Com\u00fan.<\/p>\n<p>O prazo para a presentaci\u00f3n de instancias ser\u00e1 de dez d\u00edas h\u00e1biles dende o d\u00eda seguinte \u00f3 da publicaci\u00f3n do anuncio da convocatoria no Bolet\u00edn Oficial da Provincia. <\/p>\n<p>A presentaci\u00f3n de solicitudes poder\u00e1 facerse ben no rexistro xeral do Concello, ben en calquera das formas establecidas no art. 38.4 da Lei 30\/92 de r\u00e9xime xur\u00eddico das administraci\u00f3ns p\u00fablicas e do procedemento administrativo com\u00fan. As solicitudes que se presenten a trav\u00e9s da oficina de correos ou a trav\u00e9s do Portelo \u00danico deber\u00e1n entregarse en sobre aberto para ser seladas e datadas polo funcionario de Correos ou da administraci\u00f3n receptora da documentaci\u00f3n. Nestes dous casos, unha vez presentada, deber\u00e1 enviarse v\u00eda fax \u00f3 Concello (986610283) a solicitude debidamente selada antes do fin do prazo para a presentaci\u00f3n de solicitudes, xunto coa acreditaci\u00f3n da titulaci\u00f3n m\u00ednima esixida para participar na convocatoria. A falta de cumprimento deste requisito supor\u00e1 a exclusi\u00f3n da solicitude.<\/p>\n<p>Documentaci\u00f3n a presentar xunto coa solicitude: <br \/>Esta documentaci\u00f3n ser\u00e1 a que segue:<br \/>&#8211;\u00a0\u00a0\u00a0 solicitude (con Rexistro de Entrada)<br \/>copia do DNI compulsada<br \/>declaraci\u00f3n responsable (Anexo I).<br \/>copia compulsada do t\u00edtulo ou do recibo do dep\u00f3sito do t\u00edtulo<br \/>copia compulsada da tarxeta de demandante de emprego en vigor. <br \/>aqueles aspirantes que o posuan deber\u00e1n presentar a copia compulsada o CELGA 4 para eximilos da obriga de realizar a proba de galego.<\/p>\n<p>Recordar \u00f3s aspirantes que a documentaci\u00f3n poden compulsala no Rexistro Xeral do Concello de A Guarda no momento de entregar a solicitude, traendo copia e orixinal de todo aquilo que queiran presentar.<\/p>\n<p>Finalizado o prazo de presentaci\u00f3n de instancias, dictarase unha resoluci\u00f3n que se publicar\u00e1 no taboleiro de anuncios do Concello e na web municipal, na que se admitir\u00e1 \u00f3s\/\u00e1s candidatos\/as que presentasen a documentaci\u00f3n anterior correctamente e se excluir\u00e1 provisionalmente \u00f3s\/\u00e1s candidatos que non o fixeran, conced\u00e9ndoselles prazo de dous d\u00edas h\u00e1biles para subsanar os erros ou defectos que houbera. Posteriormente, elaborarase unha nova lista cos definitivamente asmitidos\/as e exclu\u00eddos\/as. <\/p>\n<p>BASE 4\u00aa.- Sistema de selecci\u00f3n.<\/p>\n<p>O sistema selectivo \u00e9 a oposici\u00f3n libre e consistir\u00e1 na realizaci\u00f3n dun exame tipo text de 40 preguntas relacionadas co temario que se sinala a continuaci\u00f3n. O d\u00eda, hora e lugar da realizaci\u00f3n deste proba, que ter\u00e1 unha duraci\u00f3n de 60 minutos, indicarase na resoluci\u00f3n da alcald\u00eda pola que se publique o listado provisional de admitidos e excluidos. A puntuaci\u00f3n m\u00e1xima deste exercizo ser\u00e7a de 10 puntos, sendo necesaria unha puntuaci\u00f3n m\u00ednima de 5 puntos para acadar a cualificaci\u00f3n de APTO, polo que aqueles aspirantes que non acaden a calificaci\u00f3n de APTO queder\u00e1n eliminados. O exame conter\u00e1 catro preguntas adicionais de reserva para o caso de anulaci\u00f3n dalgunha das preguntas do exame e que tam\u00e9n servir\u00e1n para resolver posibles empates.<\/p>\n<p>\u00a0TEMARIO.<br \/>1.- A Constitucion espa\u00f1ola de 1978.<br \/>2.- A Administraci\u00f3n Local. O municipio. Concepto, elementos e organizaci\u00f3n.<br \/>3.- Normativa xeral e autonomica en materia tur\u00edstica.<br \/>4.- Persoal \u00f3 servizo das entidades locais.<br \/>5.- Ordenanza xeral reguladora do uso de praias da Guarda (BOP 16.08.2012)<br \/>6.- Instalaci\u00f3ns e dependencias do Concello da Guarda.<br \/>7.- Patrimonio hist\u00f3rico, cultural e etnogr\u00e1fico da Guarda.<br \/>8.- Principais festas e eventos do municipio.<br \/>9.- Rueiro e praias da Guarda.<br \/>10.- O Monte Santa Trega.<\/p>\n<p>PROBA LINGUA GALEGA.<\/p>\n<p>Os aspirantes\u00a0 que non acrediten estar en posesi\u00f3n do t\u00edtulo CELGA 4 deber\u00e1n realizar unha proba escrita de co\u00f1ecemento da lingua galega, consistente na traducci\u00f3n dun texto de castel\u00e1n a galego. A proba ser\u00e1 valorada como APTO ou NO APTO, e ter\u00e1 car\u00e1cter eliminatorio. <\/p>\n<p>\u00a0\u00a0 \u00a0<br \/>BASE 5\u00aa.- O tribunal estar\u00e1 constitu\u00eddo da seguinte maneira:<\/p>\n<p>O Tribunal Cualificador, no que os membros te\u00f1en un nivel de titulaci\u00f3n igual ou superior \u00f3 da praza convocada, estar\u00e1 integrado polos seguintes membros:<\/p>\n<p>&#8211; PRESIDENTE: Un funcionario ou persoal laboral da Administraci\u00f3n P\u00fablica.<br \/>&#8211; SECRETARIO: O da Corporaci\u00f3n ou funcionario en quen delegue, que actuar\u00e1 con voz pero sen voto.<br \/>&#8211; VOCAIS: catro vocais, designados entre o persoal funcionario e laboral fixo da Administraci\u00f3n P\u00fablica<\/p>\n<p>A designaci\u00f3n de membros do tribunal cualificador deber\u00e1 incluir \u00f3 respectivo suplente, e os vocais,\u00a0 deber\u00e1n posuir un nivel de titulaci\u00f3n igual ou superior \u00f3 da praza convocada, o que deber\u00e1 acreditarse mediante copia compulsada que acompa\u00f1e \u00f3 escrito de designaci\u00f3n de titular e suplente.<\/p>\n<p>Para a v\u00e1lida actuaci\u00f3n do Tribunal requirirase a presencia da maior\u00eda absoluta dos seus membros, titulares ou suplentes.<\/p>\n<p>Os\/as membros dos tribunais deber\u00e1n absterse de intervir, comunic\u00e1ndolle \u00f3 Alcalde cando concorra neles algunha das circunstancias previstas no artigo 28 da Lei 30\/92 de r\u00e9xime xur\u00eddico das administraci\u00f3ns p\u00fablicas e procedemento administrativo com\u00fan, as\u00ed como cando tivesen realizado tarefas de preparaci\u00f3n de aspirantes durante os cinco anos anteriores \u00e1 publicaci\u00f3n desta convocatoria. As\u00ed mesmo, os\/as aspirantes poder\u00e1n recusar \u00f3s membros do tribunal cando concorra neles algunha das circunstancias previstas para a abstenci\u00f3n e de conformidade co\u00a0 establecido no artigo 29 da Lei 30\/92.<br \/>A composici\u00f3n do tribunal cualificador, as\u00ed como a data\u00a0 de constituci\u00f3n do mesmo ser\u00e1n obxecto de resoluci\u00f3n da Alcald\u00eda, que se far\u00e1 p\u00fablica.<\/p>\n<p>BASE 6\u00aa.- Rematadas as\u00a0 probas o Tribunal aprobar\u00e1 a relaci\u00f3n de aspirantes en orde de maior a menor puntuaci\u00f3n total, propo\u00f1endo o Sr. Alcalde para a s\u00faa selecci\u00f3n \u00e1\u00a0 persoa que encabece a relaci\u00f3n do proceso selectivo.<br \/>No caso de que as persoas seleccionadas non reunisen os requisitos necesarios para ser seleccionadas poder\u00e1n ser substitu\u00eddas polas seguintes da relaci\u00f3n do proceso selectivo, situaci\u00f3n que suceder\u00e1 igual no caso de ser necesario cubrir algunha praza por raz\u00f3ns de baixa, enfermidade, etc., utilizando para iso a modalidade de contrataci\u00f3n laboral apropiada para cada caso.<br \/>No caso de quedar deserto o proceso selectivo por non superar ning\u00fan aspirante a proba ou por non presentarse ning\u00fan a esta, o Sr. alcalde queda autorizado a convocalo novamente cantas veces fose necesario, de conformidade coas presentes bases.<\/p>\n<p>BASE 8\u00aa. &#8211; DOCUMENTACI\u00d3N A ACHEGAR POLO SELECCIONADO.<br \/>O candidato seleccionado deber\u00e1n achegar con car\u00e1cter previo \u00f3 inicio da prestaci\u00f3n:<br \/>DNI.<br \/>Tarxeta da Seguridade Social.<br \/>N\u00famero de conta bancaria.<br \/>Certificado m\u00e9dico de non padecer enfermidade ou defecto f\u00edsico que impida o exercizo das funci\u00f3ns propias do posto.<\/p>\n<p>BASE 9\u00ba.- LEXISLACI\u00d3N SUPLETORIA.<\/p>\n<p>En todo o non previsto por estas Bases, os contratos rexeranse polo disposto na lexislaci\u00f3n reguladora de contratos de obra ou servicio determinado, as\u00ed como pola resoluci\u00f3n da concesi\u00f3n da subvenci\u00f3n e as bases publicadas no DOGA N\u00ba 12 de 20 de xaneiro de 2015. As\u00ed mesmo, ser\u00e1 de aplicaci\u00f3n o Estatuto dos Traballadores e a lexislaci\u00f3n de funci\u00f3n p\u00fablica que poida selo.<\/p>\n<p><a href=\"https:\/\/www.aguarda.es\/images\/docs\/2015_PLAZASTURISMO.pdf\">[ANEXO 1]<\/a><\/p>\n<p>\u00a0<\/p>\n","protected":false},"excerpt":{"rendered":"<p>BASE 1\u00aa.- Contrataci\u00f3n laboral temporal dunha praza de persoal para a Oficina de informaci\u00f3n tur\u00edstica do Concello da Guarda, cunha duraci\u00f3n dende a sinatura do contrato e ata o 30 de setembro de 2015, cunha xornada de 40 horas semanais, &hellip; <\/p>\n","protected":false},"author":1,"featured_media":0,"comment_status":"open","ping_status":"open","sticky":false,"template":"","format":"standard","meta":[],"categories":[33],"tags":[],"yoast_head":"<!-- This site is optimized with the Yoast SEO plugin v21.1 - https:\/\/yoast.com\/wordpress\/plugins\/seo\/ -->\n<title>BASES PARA A CONTRATACI\u00d3N LABORAL TEMPORAL DUNHA PRAZA DE PERSOAL PARA A OFICINA DE INFORMACI\u00d3N TUR\u00cdSTICA DO CONCELLO DA GUARDA \u00d3 ABEIRO DA SUBVENCI\u00d3N CONVOCADA POLA AXENCIA DE TURISMO DE GALICIA POR RESOLUCI\u00d3N DE 18 DE MARZO DE 2014, DOGA N\u00ba 12 DE 20.01. - Concello da Guarda<\/title>\n<meta name=\"robots\" content=\"index, follow, max-snippet:-1, max-image-preview:large, max-video-preview:-1\" \/>\n<link rel=\"canonical\" href=\"https:\/\/www.aguarda.es\/en\/bases-para-a-contratacion-laboral-temporal-dunha-praza-de-persoal-para-a-oficina-de-informacion-turistica-do-concello-da-guarda-o-abeiro-da-subvencion-convocada-pola-axencia-de-turismo-de-galicia-por\/\" \/>\n<meta property=\"og:locale\" content=\"en_US\" \/>\n<meta property=\"og:type\" content=\"article\" \/>\n<meta property=\"og:title\" content=\"BASES PARA A CONTRATACI\u00d3N LABORAL TEMPORAL DUNHA PRAZA DE PERSOAL PARA A OFICINA DE INFORMACI\u00d3N TUR\u00cdSTICA DO CONCELLO DA GUARDA \u00d3 ABEIRO DA SUBVENCI\u00d3N CONVOCADA POLA AXENCIA DE TURISMO DE GALICIA POR RESOLUCI\u00d3N DE 18 DE MARZO DE 2014, DOGA N\u00ba 12 DE 20.01. - Concello da Guarda\" \/>\n<meta property=\"og:description\" content=\"BASE 1\u00aa.- Contrataci\u00f3n laboral temporal dunha praza de persoal para a Oficina de informaci\u00f3n tur\u00edstica do Concello da Guarda, cunha duraci\u00f3n dende a sinatura do contrato e ata o 30 de setembro de 2015, cunha xornada de 40 horas semanais, &hellip;\" \/>\n<meta property=\"og:url\" content=\"https:\/\/www.aguarda.es\/en\/bases-para-a-contratacion-laboral-temporal-dunha-praza-de-persoal-para-a-oficina-de-informacion-turistica-do-concello-da-guarda-o-abeiro-da-subvencion-convocada-pola-axencia-de-turismo-de-galicia-por\/\" \/>\n<meta property=\"og:site_name\" content=\"Concello da Guarda\" \/>\n<meta property=\"article:publisher\" content=\"https:\/\/www.facebook.com\/ConcellodaGuarda\" \/>\n<meta property=\"article:published_time\" content=\"2015-06-11T08:27:59+00:00\" \/>\n<meta property=\"og:image\" content=\"https:\/\/www.aguarda.es\/wp-content\/uploads\/2017\/06\/escudo-full-2.jpg\" \/>\n\t<meta property=\"og:image:width\" content=\"1135\" \/>\n\t<meta property=\"og:image:height\" content=\"712\" \/>\n\t<meta property=\"og:image:type\" content=\"image\/jpeg\" \/>\n<meta name=\"author\" content=\"Concello\" \/>\n<meta name=\"twitter:card\" content=\"summary_large_image\" \/>\n<meta name=\"twitter:creator\" content=\"@AGuarda_es\" \/>\n<meta name=\"twitter:site\" content=\"@AGuarda_es\" \/>\n<meta name=\"twitter:label1\" content=\"Written by\" \/>\n\t<meta name=\"twitter:data1\" content=\"Concello\" \/>\n\t<meta name=\"twitter:label2\" content=\"Est. reading time\" \/>\n\t<meta name=\"twitter:data2\" content=\"8 minutes\" \/>\n<script type=\"application\/ld+json\" class=\"yoast-schema-graph\">{\"@context\":\"https:\/\/schema.org\",\"@graph\":[{\"@type\":\"WebPage\",\"@id\":\"https:\/\/www.aguarda.es\/en\/bases-para-a-contratacion-laboral-temporal-dunha-praza-de-persoal-para-a-oficina-de-informacion-turistica-do-concello-da-guarda-o-abeiro-da-subvencion-convocada-pola-axencia-de-turismo-de-galicia-por\/\",\"url\":\"https:\/\/www.aguarda.es\/en\/bases-para-a-contratacion-laboral-temporal-dunha-praza-de-persoal-para-a-oficina-de-informacion-turistica-do-concello-da-guarda-o-abeiro-da-subvencion-convocada-pola-axencia-de-turismo-de-galicia-por\/\",\"name\":\"BASES PARA A CONTRATACI\u00d3N LABORAL TEMPORAL DUNHA PRAZA DE PERSOAL PARA A OFICINA DE INFORMACI\u00d3N TUR\u00cdSTICA DO CONCELLO DA GUARDA \u00d3 ABEIRO DA SUBVENCI\u00d3N CONVOCADA POLA AXENCIA DE TURISMO DE GALICIA POR RESOLUCI\u00d3N DE 18 DE MARZO DE 2014, DOGA N\u00ba 12 DE 20.01. - Concello da Guarda\",\"isPartOf\":{\"@id\":\"https:\/\/www.aguarda.es\/en\/#website\"},\"datePublished\":\"2015-06-11T08:27:59+00:00\",\"dateModified\":\"2015-06-11T08:27:59+00:00\",\"author\":{\"@id\":\"https:\/\/www.aguarda.es\/en\/#\/schema\/person\/ac30f4d74843174f0af56c730f74dd57\"},\"breadcrumb\":{\"@id\":\"https:\/\/www.aguarda.es\/en\/bases-para-a-contratacion-laboral-temporal-dunha-praza-de-persoal-para-a-oficina-de-informacion-turistica-do-concello-da-guarda-o-abeiro-da-subvencion-convocada-pola-axencia-de-turismo-de-galicia-por\/#breadcrumb\"},\"inLanguage\":\"en-US\",\"potentialAction\":[{\"@type\":\"ReadAction\",\"target\":[\"https:\/\/www.aguarda.es\/en\/bases-para-a-contratacion-laboral-temporal-dunha-praza-de-persoal-para-a-oficina-de-informacion-turistica-do-concello-da-guarda-o-abeiro-da-subvencion-convocada-pola-axencia-de-turismo-de-galicia-por\/\"]}]},{\"@type\":\"BreadcrumbList\",\"@id\":\"https:\/\/www.aguarda.es\/en\/bases-para-a-contratacion-laboral-temporal-dunha-praza-de-persoal-para-a-oficina-de-informacion-turistica-do-concello-da-guarda-o-abeiro-da-subvencion-convocada-pola-axencia-de-turismo-de-galicia-por\/#breadcrumb\",\"itemListElement\":[{\"@type\":\"ListItem\",\"position\":1,\"name\":\"Portada\",\"item\":\"https:\/\/www.aguarda.es\/en\/\"},{\"@type\":\"ListItem\",\"position\":2,\"name\":\"BASES PARA A CONTRATACI\u00d3N LABORAL TEMPORAL DUNHA PRAZA DE PERSOAL PARA A OFICINA DE INFORMACI\u00d3N TUR\u00cdSTICA DO CONCELLO DA GUARDA \u00d3 ABEIRO DA SUBVENCI\u00d3N CONVOCADA POLA AXENCIA DE TURISMO DE GALICIA POR RESOLUCI\u00d3N DE 18 DE MARZO DE 2014, DOGA N\u00ba 12 DE 20.01.\"}]},{\"@type\":\"WebSite\",\"@id\":\"https:\/\/www.aguarda.es\/en\/#website\",\"url\":\"https:\/\/www.aguarda.es\/en\/\",\"name\":\"Concello da Guarda\",\"description\":\"P\u00e1xina web do concello da Guarda\",\"potentialAction\":[{\"@type\":\"SearchAction\",\"target\":{\"@type\":\"EntryPoint\",\"urlTemplate\":\"https:\/\/www.aguarda.es\/en\/?s={search_term_string}\"},\"query-input\":\"required name=search_term_string\"}],\"inLanguage\":\"en-US\"},{\"@type\":\"Person\",\"@id\":\"https:\/\/www.aguarda.es\/en\/#\/schema\/person\/ac30f4d74843174f0af56c730f74dd57\",\"name\":\"Concello\",\"image\":{\"@type\":\"ImageObject\",\"inLanguage\":\"en-US\",\"@id\":\"https:\/\/www.aguarda.es\/en\/#\/schema\/person\/image\/\",\"url\":\"https:\/\/secure.gravatar.com\/avatar\/7eda12a04da40b2ef77eb62e68f07027?s=96&d=mm&r=g\",\"contentUrl\":\"https:\/\/secure.gravatar.com\/avatar\/7eda12a04da40b2ef77eb62e68f07027?s=96&d=mm&r=g\",\"caption\":\"Concello\"},\"url\":\"https:\/\/www.aguarda.es\/en\/author\/admin\/\"}]}<\/script>\n<!-- \/ Yoast SEO plugin. -->","yoast_head_json":{"title":"BASES PARA A CONTRATACI\u00d3N LABORAL TEMPORAL DUNHA PRAZA DE PERSOAL PARA A OFICINA DE INFORMACI\u00d3N TUR\u00cdSTICA DO CONCELLO DA GUARDA \u00d3 ABEIRO DA SUBVENCI\u00d3N CONVOCADA POLA AXENCIA DE TURISMO DE GALICIA POR RESOLUCI\u00d3N DE 18 DE MARZO DE 2014, DOGA N\u00ba 12 DE 20.01. - Concello da Guarda","robots":{"index":"index","follow":"follow","max-snippet":"max-snippet:-1","max-image-preview":"max-image-preview:large","max-video-preview":"max-video-preview:-1"},"canonical":"https:\/\/www.aguarda.es\/en\/bases-para-a-contratacion-laboral-temporal-dunha-praza-de-persoal-para-a-oficina-de-informacion-turistica-do-concello-da-guarda-o-abeiro-da-subvencion-convocada-pola-axencia-de-turismo-de-galicia-por\/","og_locale":"en_US","og_type":"article","og_title":"BASES PARA A CONTRATACI\u00d3N LABORAL TEMPORAL DUNHA PRAZA DE PERSOAL PARA A OFICINA DE INFORMACI\u00d3N TUR\u00cdSTICA DO CONCELLO DA GUARDA \u00d3 ABEIRO DA SUBVENCI\u00d3N CONVOCADA POLA AXENCIA DE TURISMO DE GALICIA POR RESOLUCI\u00d3N DE 18 DE MARZO DE 2014, DOGA N\u00ba 12 DE 20.01. - Concello da Guarda","og_description":"BASE 1\u00aa.- Contrataci\u00f3n laboral temporal dunha praza de persoal para a Oficina de informaci\u00f3n tur\u00edstica do Concello da Guarda, cunha duraci\u00f3n dende a sinatura do contrato e ata o 30 de setembro de 2015, cunha xornada de 40 horas semanais, &hellip;","og_url":"https:\/\/www.aguarda.es\/en\/bases-para-a-contratacion-laboral-temporal-dunha-praza-de-persoal-para-a-oficina-de-informacion-turistica-do-concello-da-guarda-o-abeiro-da-subvencion-convocada-pola-axencia-de-turismo-de-galicia-por\/","og_site_name":"Concello da Guarda","article_publisher":"https:\/\/www.facebook.com\/ConcellodaGuarda","article_published_time":"2015-06-11T08:27:59+00:00","og_image":[{"width":1135,"height":712,"url":"https:\/\/www.aguarda.es\/wp-content\/uploads\/2017\/06\/escudo-full-2.jpg","type":"image\/jpeg"}],"author":"Concello","twitter_card":"summary_large_image","twitter_creator":"@AGuarda_es","twitter_site":"@AGuarda_es","twitter_misc":{"Written by":"Concello","Est. reading time":"8 minutes"},"schema":{"@context":"https:\/\/schema.org","@graph":[{"@type":"WebPage","@id":"https:\/\/www.aguarda.es\/en\/bases-para-a-contratacion-laboral-temporal-dunha-praza-de-persoal-para-a-oficina-de-informacion-turistica-do-concello-da-guarda-o-abeiro-da-subvencion-convocada-pola-axencia-de-turismo-de-galicia-por\/","url":"https:\/\/www.aguarda.es\/en\/bases-para-a-contratacion-laboral-temporal-dunha-praza-de-persoal-para-a-oficina-de-informacion-turistica-do-concello-da-guarda-o-abeiro-da-subvencion-convocada-pola-axencia-de-turismo-de-galicia-por\/","name":"BASES PARA A CONTRATACI\u00d3N LABORAL TEMPORAL DUNHA PRAZA DE PERSOAL PARA A OFICINA DE INFORMACI\u00d3N TUR\u00cdSTICA DO CONCELLO DA GUARDA \u00d3 ABEIRO DA SUBVENCI\u00d3N CONVOCADA POLA AXENCIA DE TURISMO DE GALICIA POR RESOLUCI\u00d3N DE 18 DE MARZO DE 2014, DOGA N\u00ba 12 DE 20.01. - Concello da Guarda","isPartOf":{"@id":"https:\/\/www.aguarda.es\/en\/#website"},"datePublished":"2015-06-11T08:27:59+00:00","dateModified":"2015-06-11T08:27:59+00:00","author":{"@id":"https:\/\/www.aguarda.es\/en\/#\/schema\/person\/ac30f4d74843174f0af56c730f74dd57"},"breadcrumb":{"@id":"https:\/\/www.aguarda.es\/en\/bases-para-a-contratacion-laboral-temporal-dunha-praza-de-persoal-para-a-oficina-de-informacion-turistica-do-concello-da-guarda-o-abeiro-da-subvencion-convocada-pola-axencia-de-turismo-de-galicia-por\/#breadcrumb"},"inLanguage":"en-US","potentialAction":[{"@type":"ReadAction","target":["https:\/\/www.aguarda.es\/en\/bases-para-a-contratacion-laboral-temporal-dunha-praza-de-persoal-para-a-oficina-de-informacion-turistica-do-concello-da-guarda-o-abeiro-da-subvencion-convocada-pola-axencia-de-turismo-de-galicia-por\/"]}]},{"@type":"BreadcrumbList","@id":"https:\/\/www.aguarda.es\/en\/bases-para-a-contratacion-laboral-temporal-dunha-praza-de-persoal-para-a-oficina-de-informacion-turistica-do-concello-da-guarda-o-abeiro-da-subvencion-convocada-pola-axencia-de-turismo-de-galicia-por\/#breadcrumb","itemListElement":[{"@type":"ListItem","position":1,"name":"Portada","item":"https:\/\/www.aguarda.es\/en\/"},{"@type":"ListItem","position":2,"name":"BASES PARA A CONTRATACI\u00d3N LABORAL TEMPORAL DUNHA PRAZA DE PERSOAL PARA A OFICINA DE INFORMACI\u00d3N TUR\u00cdSTICA DO CONCELLO DA GUARDA \u00d3 ABEIRO DA SUBVENCI\u00d3N CONVOCADA POLA AXENCIA DE TURISMO DE GALICIA POR RESOLUCI\u00d3N DE 18 DE MARZO DE 2014, DOGA N\u00ba 12 DE 20.01."}]},{"@type":"WebSite","@id":"https:\/\/www.aguarda.es\/en\/#website","url":"https:\/\/www.aguarda.es\/en\/","name":"Concello da Guarda","description":"P\u00e1xina web do concello da Guarda","potentialAction":[{"@type":"SearchAction","target":{"@type":"EntryPoint","urlTemplate":"https:\/\/www.aguarda.es\/en\/?s={search_term_string}"},"query-input":"required name=search_term_string"}],"inLanguage":"en-US"},{"@type":"Person","@id":"https:\/\/www.aguarda.es\/en\/#\/schema\/person\/ac30f4d74843174f0af56c730f74dd57","name":"Concello","image":{"@type":"ImageObject","inLanguage":"en-US","@id":"https:\/\/www.aguarda.es\/en\/#\/schema\/person\/image\/","url":"https:\/\/secure.gravatar.com\/avatar\/7eda12a04da40b2ef77eb62e68f07027?s=96&d=mm&r=g","contentUrl":"https:\/\/secure.gravatar.com\/avatar\/7eda12a04da40b2ef77eb62e68f07027?s=96&d=mm&r=g","caption":"Concello"},"url":"https:\/\/www.aguarda.es\/en\/author\/admin\/"}]}},"_links":{"self":[{"href":"https:\/\/www.aguarda.es\/en\/wp-json\/wp\/v2\/posts\/922"}],"collection":[{"href":"https:\/\/www.aguarda.es\/en\/wp-json\/wp\/v2\/posts"}],"about":[{"href":"https:\/\/www.aguarda.es\/en\/wp-json\/wp\/v2\/types\/post"}],"author":[{"embeddable":true,"href":"https:\/\/www.aguarda.es\/en\/wp-json\/wp\/v2\/users\/1"}],"replies":[{"embeddable":true,"href":"https:\/\/www.aguarda.es\/en\/wp-json\/wp\/v2\/comments?post=922"}],"version-history":[{"count":0,"href":"https:\/\/www.aguarda.es\/en\/wp-json\/wp\/v2\/posts\/922\/revisions"}],"wp:attachment":[{"href":"https:\/\/www.aguarda.es\/en\/wp-json\/wp\/v2\/media?parent=922"}],"wp:term":[{"taxonomy":"category","embeddable":true,"href":"https:\/\/www.aguarda.es\/en\/wp-json\/wp\/v2\/categories?post=922"},{"taxonomy":"post_tag","embeddable":true,"href":"https:\/\/www.aguarda.es\/en\/wp-json\/wp\/v2\/tags?post=922"}],"curies":[{"name":"wp","href":"https:\/\/api.w.org\/{rel}","templated":true}]}}