{"id":9505,"date":"2017-07-13T12:59:54","date_gmt":"2017-07-13T12:59:54","guid":{"rendered":"https:\/\/www.aguarda.es\/?p=9505"},"modified":"2017-11-09T12:15:33","modified_gmt":"2017-11-09T12:15:33","slug":"o-concello-fai-entrega-das-distincions-e-premios-os-ganadores-de-tapearte-2017","status":"publish","type":"post","link":"https:\/\/www.aguarda.es\/en\/o-concello-fai-entrega-das-distincions-e-premios-os-ganadores-de-tapearte-2017\/","title":{"rendered":"O Concello fai entrega dos premios \u00f3s ga\u00f1adores da \u00faltima edici\u00f3n da ruta gastron\u00f3mica &#8220;Tapearte&#8221;"},"content":{"rendered":"<p align=\"justify\">O alcalde da Guarda, Antonio Lomba, e a concelleira de Turismo, Montserrat Magallanes, fixeron entrega dos reco\u00f1ecementos \u00e1 mellor tapa e \u00f3 aperitivo m\u00e1is degustado, nun acto celebrado no sal\u00f3n de plenos do Concello esta ma\u00f1\u00e1.<\/p>\n<p align=\"justify\">A propietaria do restaurante Xantar, Isabel Urgal, recolleu o diploma no que se reco\u00f1ece a singularidade da s\u00faa participaci\u00f3n nesta ruta gastron\u00f3mica como o establecemento hosteleiro que serviu o maior n\u00famero de tapas durante as fins de semana do 19 de maio ata o 18 de xu\u00f1o. Polo s\u00faa parte, Manuel Alonso, dono do restaurante La Pizzicata, recolleu o diploma que da conta da s\u00faa condici\u00f3n de ga\u00f1ador do Concurso \u00e1 Mellor Tapa nesta \u00faltima edici\u00f3n, por ser o aperitivo mellor valorado entre os participantes da ruta.<\/p>\n<p align=\"justify\">Amais dos reco\u00f1ementos \u00f3s establecementos hosteleiros, o concello agasallou a aqueles que participaron na ruta en condici\u00f3n de comensais. As\u00ed, as 32 persoas que conseguiron un m\u00ednimo de 15 selos no seu pasaporte Tapearte 2017- isto \u00e9, que probaron cando menos esa cantidade de tapas en distintos establecementos- recibiron un pack formado por un reloxo e un bol\u00edgrafo do dese\u00f1ador Antonio Mir\u00f3.<\/p>\n<p align=\"justify\">Igualmente, f\u00edxose entrega de 18 agasallos, compostos por unha mochila ou un mini altavoz, \u00e1s personas ga\u00f1adoras do sorteo que se realizou o pasado xoves 6 de xullo, entre os participantes cuxo pasaporte contaba cun m\u00ednimo de 7 selos.<\/p>\n<div class=\"wpmf-gallerys\"><div id=\"gallery-1\" data-id=\"gallery-1\" data-gutterwidth=\"5\" \n class=\"gallery flexslider carousel wpmfflexslider gallery-link-file wpmf-has-border-radius-0 wpmf-gutterwidth-5 wpmf-gg-multiple-columns\" data-wpmfcolumns=\"3\" data-auto_animation=\"1\" data-border-width=\"0\" data-shadow=\"0\"><ul class=\"slides wpmf-slides\"><\/ul><\/div><\/div>\n","protected":false},"excerpt":{"rendered":"<p>O alcalde da Guarda, Antonio Lomba, e a concelleira de Turismo, Montserrat Magallanes, fixeron entrega dos reco\u00f1ecementos \u00e1 mellor tapa e \u00f3 aperitivo m\u00e1is degustado, nun acto celebrado no sal\u00f3n de plenos do Concello esta ma\u00f1\u00e1. A propietaria do restaurante &hellip; <\/p>\n","protected":false},"author":2,"featured_media":9504,"comment_status":"open","ping_status":"open","sticky":false,"template":"","format":"standard","meta":[],"categories":[56],"tags":[233,377,324,325],"yoast_head":"<!-- This site is optimized with the Yoast SEO plugin v21.1 - https:\/\/yoast.com\/wordpress\/plugins\/seo\/ -->\n<title>O Concello fai entrega dos premios \u00f3s ga\u00f1adores da \u00faltima edici\u00f3n da ruta gastron\u00f3mica &quot;Tapearte&quot; - Concello da Guarda<\/title>\n<meta name=\"robots\" content=\"index, follow, max-snippet:-1, max-image-preview:large, max-video-preview:-1\" \/>\n<link rel=\"canonical\" href=\"https:\/\/www.aguarda.es\/en\/o-concello-fai-entrega-das-distincions-e-premios-os-ganadores-de-tapearte-2017\/\" \/>\n<meta property=\"og:locale\" content=\"en_US\" \/>\n<meta property=\"og:type\" content=\"article\" \/>\n<meta property=\"og:title\" content=\"O Concello fai entrega dos premios \u00f3s ga\u00f1adores da \u00faltima edici\u00f3n da ruta gastron\u00f3mica &quot;Tapearte&quot; - Concello da Guarda\" \/>\n<meta property=\"og:description\" content=\"O alcalde da Guarda, Antonio Lomba, e a concelleira de Turismo, Montserrat Magallanes, fixeron entrega dos reco\u00f1ecementos \u00e1 mellor tapa e \u00f3 aperitivo m\u00e1is degustado, nun acto celebrado no sal\u00f3n de plenos do Concello esta ma\u00f1\u00e1. A propietaria do restaurante &hellip;\" \/>\n<meta property=\"og:url\" content=\"https:\/\/www.aguarda.es\/en\/o-concello-fai-entrega-das-distincions-e-premios-os-ganadores-de-tapearte-2017\/\" \/>\n<meta property=\"og:site_name\" content=\"Concello da Guarda\" \/>\n<meta property=\"article:publisher\" content=\"https:\/\/www.facebook.com\/ConcellodaGuarda\" \/>\n<meta property=\"article:published_time\" content=\"2017-07-13T12:59:54+00:00\" \/>\n<meta property=\"article:modified_time\" content=\"2017-11-09T12:15:33+00:00\" \/>\n<meta property=\"og:image\" content=\"https:\/\/www.aguarda.es\/wp-content\/uploads\/2017\/07\/Tapearte4.jpg\" \/>\n\t<meta property=\"og:image:width\" content=\"700\" \/>\n\t<meta property=\"og:image:height\" content=\"467\" \/>\n\t<meta property=\"og:image:type\" content=\"image\/jpeg\" \/>\n<meta name=\"author\" content=\"prensa\" \/>\n<meta name=\"twitter:card\" content=\"summary_large_image\" \/>\n<meta name=\"twitter:creator\" content=\"@AGuarda_es\" \/>\n<meta name=\"twitter:site\" content=\"@AGuarda_es\" \/>\n<meta name=\"twitter:label1\" content=\"Written by\" \/>\n\t<meta name=\"twitter:data1\" content=\"prensa\" \/>\n\t<meta name=\"twitter:label2\" content=\"Est. reading time\" \/>\n\t<meta name=\"twitter:data2\" content=\"1 minute\" \/>\n<script type=\"application\/ld+json\" class=\"yoast-schema-graph\">{\"@context\":\"https:\/\/schema.org\",\"@graph\":[{\"@type\":\"WebPage\",\"@id\":\"https:\/\/www.aguarda.es\/en\/o-concello-fai-entrega-das-distincions-e-premios-os-ganadores-de-tapearte-2017\/\",\"url\":\"https:\/\/www.aguarda.es\/en\/o-concello-fai-entrega-das-distincions-e-premios-os-ganadores-de-tapearte-2017\/\",\"name\":\"O Concello fai entrega dos premios \u00f3s ga\u00f1adores da \u00faltima edici\u00f3n da ruta gastron\u00f3mica \\\"Tapearte\\\" - Concello da Guarda\",\"isPartOf\":{\"@id\":\"https:\/\/www.aguarda.es\/en\/#website\"},\"datePublished\":\"2017-07-13T12:59:54+00:00\",\"dateModified\":\"2017-11-09T12:15:33+00:00\",\"author\":{\"@id\":\"https:\/\/www.aguarda.es\/en\/#\/schema\/person\/c463ca3006858ffb349d11179d044f21\"},\"breadcrumb\":{\"@id\":\"https:\/\/www.aguarda.es\/en\/o-concello-fai-entrega-das-distincions-e-premios-os-ganadores-de-tapearte-2017\/#breadcrumb\"},\"inLanguage\":\"en-US\",\"potentialAction\":[{\"@type\":\"ReadAction\",\"target\":[\"https:\/\/www.aguarda.es\/en\/o-concello-fai-entrega-das-distincions-e-premios-os-ganadores-de-tapearte-2017\/\"]}]},{\"@type\":\"BreadcrumbList\",\"@id\":\"https:\/\/www.aguarda.es\/en\/o-concello-fai-entrega-das-distincions-e-premios-os-ganadores-de-tapearte-2017\/#breadcrumb\",\"itemListElement\":[{\"@type\":\"ListItem\",\"position\":1,\"name\":\"Portada\",\"item\":\"https:\/\/www.aguarda.es\/en\/\"},{\"@type\":\"ListItem\",\"position\":2,\"name\":\"O Concello fai entrega dos premios \u00f3s ga\u00f1adores da \u00faltima edici\u00f3n da ruta gastron\u00f3mica &#8220;Tapearte&#8221;\"}]},{\"@type\":\"WebSite\",\"@id\":\"https:\/\/www.aguarda.es\/en\/#website\",\"url\":\"https:\/\/www.aguarda.es\/en\/\",\"name\":\"Concello da Guarda\",\"description\":\"P\u00e1xina web do concello da Guarda\",\"potentialAction\":[{\"@type\":\"SearchAction\",\"target\":{\"@type\":\"EntryPoint\",\"urlTemplate\":\"https:\/\/www.aguarda.es\/en\/?s={search_term_string}\"},\"query-input\":\"required name=search_term_string\"}],\"inLanguage\":\"en-US\"},{\"@type\":\"Person\",\"@id\":\"https:\/\/www.aguarda.es\/en\/#\/schema\/person\/c463ca3006858ffb349d11179d044f21\",\"name\":\"prensa\",\"image\":{\"@type\":\"ImageObject\",\"inLanguage\":\"en-US\",\"@id\":\"https:\/\/www.aguarda.es\/en\/#\/schema\/person\/image\/\",\"url\":\"https:\/\/secure.gravatar.com\/avatar\/5f90ef536b0f98306edf5c7a1135ffa1?s=96&d=mm&r=g\",\"contentUrl\":\"https:\/\/secure.gravatar.com\/avatar\/5f90ef536b0f98306edf5c7a1135ffa1?s=96&d=mm&r=g\",\"caption\":\"prensa\"},\"url\":\"https:\/\/www.aguarda.es\/en\/author\/prensa\/\"}]}<\/script>\n<!-- \/ Yoast SEO plugin. -->","yoast_head_json":{"title":"O Concello fai entrega dos premios \u00f3s ga\u00f1adores da \u00faltima edici\u00f3n da ruta gastron\u00f3mica \"Tapearte\" - Concello da Guarda","robots":{"index":"index","follow":"follow","max-snippet":"max-snippet:-1","max-image-preview":"max-image-preview:large","max-video-preview":"max-video-preview:-1"},"canonical":"https:\/\/www.aguarda.es\/en\/o-concello-fai-entrega-das-distincions-e-premios-os-ganadores-de-tapearte-2017\/","og_locale":"en_US","og_type":"article","og_title":"O Concello fai entrega dos premios \u00f3s ga\u00f1adores da \u00faltima edici\u00f3n da ruta gastron\u00f3mica \"Tapearte\" - Concello da Guarda","og_description":"O alcalde da Guarda, Antonio Lomba, e a concelleira de Turismo, Montserrat Magallanes, fixeron entrega dos reco\u00f1ecementos \u00e1 mellor tapa e \u00f3 aperitivo m\u00e1is degustado, nun acto celebrado no sal\u00f3n de plenos do Concello esta ma\u00f1\u00e1. A propietaria do restaurante &hellip;","og_url":"https:\/\/www.aguarda.es\/en\/o-concello-fai-entrega-das-distincions-e-premios-os-ganadores-de-tapearte-2017\/","og_site_name":"Concello da Guarda","article_publisher":"https:\/\/www.facebook.com\/ConcellodaGuarda","article_published_time":"2017-07-13T12:59:54+00:00","article_modified_time":"2017-11-09T12:15:33+00:00","og_image":[{"width":700,"height":467,"url":"https:\/\/www.aguarda.es\/wp-content\/uploads\/2017\/07\/Tapearte4.jpg","type":"image\/jpeg"}],"author":"prensa","twitter_card":"summary_large_image","twitter_creator":"@AGuarda_es","twitter_site":"@AGuarda_es","twitter_misc":{"Written by":"prensa","Est. reading time":"1 minute"},"schema":{"@context":"https:\/\/schema.org","@graph":[{"@type":"WebPage","@id":"https:\/\/www.aguarda.es\/en\/o-concello-fai-entrega-das-distincions-e-premios-os-ganadores-de-tapearte-2017\/","url":"https:\/\/www.aguarda.es\/en\/o-concello-fai-entrega-das-distincions-e-premios-os-ganadores-de-tapearte-2017\/","name":"O Concello fai entrega dos premios \u00f3s ga\u00f1adores da \u00faltima edici\u00f3n da ruta gastron\u00f3mica \"Tapearte\" - Concello da Guarda","isPartOf":{"@id":"https:\/\/www.aguarda.es\/en\/#website"},"datePublished":"2017-07-13T12:59:54+00:00","dateModified":"2017-11-09T12:15:33+00:00","author":{"@id":"https:\/\/www.aguarda.es\/en\/#\/schema\/person\/c463ca3006858ffb349d11179d044f21"},"breadcrumb":{"@id":"https:\/\/www.aguarda.es\/en\/o-concello-fai-entrega-das-distincions-e-premios-os-ganadores-de-tapearte-2017\/#breadcrumb"},"inLanguage":"en-US","potentialAction":[{"@type":"ReadAction","target":["https:\/\/www.aguarda.es\/en\/o-concello-fai-entrega-das-distincions-e-premios-os-ganadores-de-tapearte-2017\/"]}]},{"@type":"BreadcrumbList","@id":"https:\/\/www.aguarda.es\/en\/o-concello-fai-entrega-das-distincions-e-premios-os-ganadores-de-tapearte-2017\/#breadcrumb","itemListElement":[{"@type":"ListItem","position":1,"name":"Portada","item":"https:\/\/www.aguarda.es\/en\/"},{"@type":"ListItem","position":2,"name":"O Concello fai entrega dos premios \u00f3s ga\u00f1adores da \u00faltima edici\u00f3n da ruta gastron\u00f3mica &#8220;Tapearte&#8221;"}]},{"@type":"WebSite","@id":"https:\/\/www.aguarda.es\/en\/#website","url":"https:\/\/www.aguarda.es\/en\/","name":"Concello da Guarda","description":"P\u00e1xina web do concello da Guarda","potentialAction":[{"@type":"SearchAction","target":{"@type":"EntryPoint","urlTemplate":"https:\/\/www.aguarda.es\/en\/?s={search_term_string}"},"query-input":"required name=search_term_string"}],"inLanguage":"en-US"},{"@type":"Person","@id":"https:\/\/www.aguarda.es\/en\/#\/schema\/person\/c463ca3006858ffb349d11179d044f21","name":"prensa","image":{"@type":"ImageObject","inLanguage":"en-US","@id":"https:\/\/www.aguarda.es\/en\/#\/schema\/person\/image\/","url":"https:\/\/secure.gravatar.com\/avatar\/5f90ef536b0f98306edf5c7a1135ffa1?s=96&d=mm&r=g","contentUrl":"https:\/\/secure.gravatar.com\/avatar\/5f90ef536b0f98306edf5c7a1135ffa1?s=96&d=mm&r=g","caption":"prensa"},"url":"https:\/\/www.aguarda.es\/en\/author\/prensa\/"}]}},"_links":{"self":[{"href":"https:\/\/www.aguarda.es\/en\/wp-json\/wp\/v2\/posts\/9505"}],"collection":[{"href":"https:\/\/www.aguarda.es\/en\/wp-json\/wp\/v2\/posts"}],"about":[{"href":"https:\/\/www.aguarda.es\/en\/wp-json\/wp\/v2\/types\/post"}],"author":[{"embeddable":true,"href":"https:\/\/www.aguarda.es\/en\/wp-json\/wp\/v2\/users\/2"}],"replies":[{"embeddable":true,"href":"https:\/\/www.aguarda.es\/en\/wp-json\/wp\/v2\/comments?post=9505"}],"version-history":[{"count":8,"href":"https:\/\/www.aguarda.es\/en\/wp-json\/wp\/v2\/posts\/9505\/revisions"}],"predecessor-version":[{"id":10972,"href":"https:\/\/www.aguarda.es\/en\/wp-json\/wp\/v2\/posts\/9505\/revisions\/10972"}],"wp:featuredmedia":[{"embeddable":true,"href":"https:\/\/www.aguarda.es\/en\/wp-json\/wp\/v2\/media\/9504"}],"wp:attachment":[{"href":"https:\/\/www.aguarda.es\/en\/wp-json\/wp\/v2\/media?parent=9505"}],"wp:term":[{"taxonomy":"category","embeddable":true,"href":"https:\/\/www.aguarda.es\/en\/wp-json\/wp\/v2\/categories?post=9505"},{"taxonomy":"post_tag","embeddable":true,"href":"https:\/\/www.aguarda.es\/en\/wp-json\/wp\/v2\/tags?post=9505"}],"curies":[{"name":"wp","href":"https:\/\/api.w.org\/{rel}","templated":true}]}}