{"id":9515,"date":"2017-07-14T07:31:17","date_gmt":"2017-07-14T07:31:17","guid":{"rendered":"https:\/\/www.aguarda.es\/?p=9515"},"modified":"2017-07-15T07:51:36","modified_gmt":"2017-07-15T07:51:36","slug":"omix-baixo-mino-porrino-salceda-e-o-espazo-xove-de-tui-convocan-o-xi-certame-fotografico-viaxando","status":"publish","type":"post","link":"https:\/\/www.aguarda.es\/en\/omix-baixo-mino-porrino-salceda-e-o-espazo-xove-de-tui-convocan-o-xi-certame-fotografico-viaxando\/","title":{"rendered":"As OMIX do Baixo Mi\u00f1o, Porri\u00f1o, Salceda e o Espazo xove de Tui convocan o XI Certame Fotogr\u00e1fico &#8220;Viaxando&#8221;"},"content":{"rendered":"<p align=\"justify\"><span style=\"color: #000000\"><span style=\"font-family: Arial, sans-serif\">O XI Certame Fotogr\u00e1fico &#8220;Viaxando&#8221;, organizado polas O<\/span><\/span><span style=\"color: #000000\"><span style=\"font-family: Arial, sans-serif\"><span lang=\"gl-ES\">ficinas Municipais de Informaci\u00f3n Xuvenil de A Guarda, Rosal, Tomi\u00f1o, Gondomar, Salceda de Caselas, Baiona, O Porri\u00f1o e o Espazo xove de Tui est\u00e1 aberto \u00e1 participaci\u00f3n das mozas e<\/span><\/span><\/span><span style=\"color: #000000\"><span style=\"font-family: Arial, sans-serif\">\u00a0mozos de entre 12 e 35 anos que presenten imaxes orixinais con tem\u00e1tica relacionada co t\u00edtulo do certame:<\/span><\/span><span style=\"color: #000000\"><span style=\"font-family: Arial, sans-serif\"><i><b>\u201cViaxando\u201d<\/b><\/i><\/span><\/span><span style=\"color: #000000\"><span style=\"font-family: Arial, sans-serif\"><i>.<\/i><\/span><\/span><\/p>\n<p align=\"justify\"><span style=\"color: #000000\"><span style=\"font-family: Arial, sans-serif\">As fotograf\u00edas poden ser en branco e negro ou a cor, present\u00e1ndose en papel fotogr\u00e1fico cun tama\u00f1o de 20&#215;30 e pegadas sobre unha cartolina negra de tama\u00f1o DIN A3.\u00a0<\/span><\/span><span style=\"color: #000000\"><span style=\"font-family: Arial, sans-serif\">Cada participante pode presentar unha \u00fanica fotograf\u00eda, que ter\u00e1 que ser orixinal e in\u00e9dita.\u00a0<\/span><\/span><\/p>\n<p align=\"justify\"><span style=\"color: #000000\"><span style=\"font-family: Arial, sans-serif\">A fotograf\u00eda levar\u00e1 no dorso o pseud\u00f3nimo do autor e, de ser o caso, o t\u00edtulo da dita fotograf\u00eda, entreg\u00e1ndose acompa\u00f1ada dun sobre pechado no que figurar\u00e1 o pseud\u00f3nimo do autor e en cuxo interior o nome e apelidos, enderezo, tel\u00e9fono e fotocopia do DNI, tal e como se especifica nas <a href=\"https:\/\/www.aguarda.es\/wp-content\/uploads\/2017\/07\/Bases-Viaxando-2017.pdf\">bases da convocatoria do Certame<\/a>.\u00a0<\/span><\/span><\/p>\n<p align=\"justify\"><span style=\"color: #000000\"><span style=\"font-family: Arial, sans-serif\">As imaxes poder\u00e1n presentarse nas instalaci\u00f3ns de calquera das entidades organizadoras ata o <\/span><\/span><span style=\"color: #000000\"><span style=\"font-family: Arial, sans-serif\">22<\/span><\/span><span style=\"color: #000000\"><span style=\"font-family: Arial, sans-serif\"> de setembro, data na que remata o prazo. O ga\u00f1ador ou ga\u00f1adora do certame ter\u00e1 como premio unha tablet e con todas as fotograf\u00edas participantes farase, como xa \u00e9 costume, unha exposici\u00f3n itinerante.<\/span><\/span><\/p>\n","protected":false},"excerpt":{"rendered":"<p>O XI Certame Fotogr\u00e1fico &#8220;Viaxando&#8221;, organizado polas Oficinas Municipais de Informaci\u00f3n Xuvenil de A Guarda, Rosal, Tomi\u00f1o, Gondomar, Salceda de Caselas, Baiona, O Porri\u00f1o e o Espazo xove de Tui est\u00e1 aberto \u00e1 participaci\u00f3n das mozas e\u00a0mozos de entre 12 &hellip; <\/p>\n","protected":false},"author":2,"featured_media":9518,"comment_status":"open","ping_status":"open","sticky":false,"template":"","format":"standard","meta":[],"categories":[34,48],"tags":[381,284,380],"yoast_head":"<!-- This site is optimized with the Yoast SEO plugin v21.1 - https:\/\/yoast.com\/wordpress\/plugins\/seo\/ -->\n<title>As OMIX do Baixo Mi\u00f1o, Porri\u00f1o, Salceda e o Espazo xove de Tui convocan o XI Certame Fotogr\u00e1fico &quot;Viaxando&quot; - Concello da Guarda<\/title>\n<meta name=\"robots\" content=\"index, follow, max-snippet:-1, max-image-preview:large, max-video-preview:-1\" \/>\n<link rel=\"canonical\" href=\"https:\/\/www.aguarda.es\/en\/omix-baixo-mino-porrino-salceda-e-o-espazo-xove-de-tui-convocan-o-xi-certame-fotografico-viaxando\/\" \/>\n<meta property=\"og:locale\" content=\"en_US\" \/>\n<meta property=\"og:type\" content=\"article\" \/>\n<meta property=\"og:title\" content=\"As OMIX do Baixo Mi\u00f1o, Porri\u00f1o, Salceda e o Espazo xove de Tui convocan o XI Certame Fotogr\u00e1fico &quot;Viaxando&quot; - Concello da Guarda\" \/>\n<meta property=\"og:description\" content=\"O XI Certame Fotogr\u00e1fico &#8220;Viaxando&#8221;, organizado polas Oficinas Municipais de Informaci\u00f3n Xuvenil de A Guarda, Rosal, Tomi\u00f1o, Gondomar, Salceda de Caselas, Baiona, O Porri\u00f1o e o Espazo xove de Tui est\u00e1 aberto \u00e1 participaci\u00f3n das mozas e\u00a0mozos de entre 12 &hellip;\" \/>\n<meta property=\"og:url\" content=\"https:\/\/www.aguarda.es\/en\/omix-baixo-mino-porrino-salceda-e-o-espazo-xove-de-tui-convocan-o-xi-certame-fotografico-viaxando\/\" \/>\n<meta property=\"og:site_name\" content=\"Concello da Guarda\" \/>\n<meta property=\"article:publisher\" content=\"https:\/\/www.facebook.com\/ConcellodaGuarda\" \/>\n<meta property=\"article:published_time\" content=\"2017-07-14T07:31:17+00:00\" \/>\n<meta property=\"article:modified_time\" content=\"2017-07-15T07:51:36+00:00\" \/>\n<meta property=\"og:image\" content=\"https:\/\/www.aguarda.es\/wp-content\/uploads\/2017\/07\/CARTELVIAXANDO2017-724x1024.jpg\" \/>\n\t<meta property=\"og:image:width\" content=\"724\" \/>\n\t<meta property=\"og:image:height\" content=\"1024\" \/>\n\t<meta property=\"og:image:type\" content=\"image\/jpeg\" \/>\n<meta name=\"author\" content=\"prensa\" \/>\n<meta name=\"twitter:card\" content=\"summary_large_image\" \/>\n<meta name=\"twitter:creator\" content=\"@AGuarda_es\" \/>\n<meta name=\"twitter:site\" content=\"@AGuarda_es\" \/>\n<meta name=\"twitter:label1\" content=\"Written by\" \/>\n\t<meta name=\"twitter:data1\" content=\"prensa\" \/>\n\t<meta name=\"twitter:label2\" content=\"Est. reading time\" \/>\n\t<meta name=\"twitter:data2\" content=\"1 minute\" \/>\n<script type=\"application\/ld+json\" class=\"yoast-schema-graph\">{\"@context\":\"https:\/\/schema.org\",\"@graph\":[{\"@type\":\"WebPage\",\"@id\":\"https:\/\/www.aguarda.es\/en\/omix-baixo-mino-porrino-salceda-e-o-espazo-xove-de-tui-convocan-o-xi-certame-fotografico-viaxando\/\",\"url\":\"https:\/\/www.aguarda.es\/en\/omix-baixo-mino-porrino-salceda-e-o-espazo-xove-de-tui-convocan-o-xi-certame-fotografico-viaxando\/\",\"name\":\"As OMIX do Baixo Mi\u00f1o, Porri\u00f1o, Salceda e o Espazo xove de Tui convocan o XI Certame Fotogr\u00e1fico \\\"Viaxando\\\" - Concello da Guarda\",\"isPartOf\":{\"@id\":\"https:\/\/www.aguarda.es\/en\/#website\"},\"datePublished\":\"2017-07-14T07:31:17+00:00\",\"dateModified\":\"2017-07-15T07:51:36+00:00\",\"author\":{\"@id\":\"https:\/\/www.aguarda.es\/en\/#\/schema\/person\/c463ca3006858ffb349d11179d044f21\"},\"breadcrumb\":{\"@id\":\"https:\/\/www.aguarda.es\/en\/omix-baixo-mino-porrino-salceda-e-o-espazo-xove-de-tui-convocan-o-xi-certame-fotografico-viaxando\/#breadcrumb\"},\"inLanguage\":\"en-US\",\"potentialAction\":[{\"@type\":\"ReadAction\",\"target\":[\"https:\/\/www.aguarda.es\/en\/omix-baixo-mino-porrino-salceda-e-o-espazo-xove-de-tui-convocan-o-xi-certame-fotografico-viaxando\/\"]}]},{\"@type\":\"BreadcrumbList\",\"@id\":\"https:\/\/www.aguarda.es\/en\/omix-baixo-mino-porrino-salceda-e-o-espazo-xove-de-tui-convocan-o-xi-certame-fotografico-viaxando\/#breadcrumb\",\"itemListElement\":[{\"@type\":\"ListItem\",\"position\":1,\"name\":\"Portada\",\"item\":\"https:\/\/www.aguarda.es\/en\/\"},{\"@type\":\"ListItem\",\"position\":2,\"name\":\"As OMIX do Baixo Mi\u00f1o, Porri\u00f1o, Salceda e o Espazo xove de Tui convocan o XI Certame Fotogr\u00e1fico &#8220;Viaxando&#8221;\"}]},{\"@type\":\"WebSite\",\"@id\":\"https:\/\/www.aguarda.es\/en\/#website\",\"url\":\"https:\/\/www.aguarda.es\/en\/\",\"name\":\"Concello da Guarda\",\"description\":\"P\u00e1xina web do concello da Guarda\",\"potentialAction\":[{\"@type\":\"SearchAction\",\"target\":{\"@type\":\"EntryPoint\",\"urlTemplate\":\"https:\/\/www.aguarda.es\/en\/?s={search_term_string}\"},\"query-input\":\"required name=search_term_string\"}],\"inLanguage\":\"en-US\"},{\"@type\":\"Person\",\"@id\":\"https:\/\/www.aguarda.es\/en\/#\/schema\/person\/c463ca3006858ffb349d11179d044f21\",\"name\":\"prensa\",\"image\":{\"@type\":\"ImageObject\",\"inLanguage\":\"en-US\",\"@id\":\"https:\/\/www.aguarda.es\/en\/#\/schema\/person\/image\/\",\"url\":\"https:\/\/secure.gravatar.com\/avatar\/5f90ef536b0f98306edf5c7a1135ffa1?s=96&d=mm&r=g\",\"contentUrl\":\"https:\/\/secure.gravatar.com\/avatar\/5f90ef536b0f98306edf5c7a1135ffa1?s=96&d=mm&r=g\",\"caption\":\"prensa\"},\"url\":\"https:\/\/www.aguarda.es\/en\/author\/prensa\/\"}]}<\/script>\n<!-- \/ Yoast SEO plugin. -->","yoast_head_json":{"title":"As OMIX do Baixo Mi\u00f1o, Porri\u00f1o, Salceda e o Espazo xove de Tui convocan o XI Certame Fotogr\u00e1fico \"Viaxando\" - Concello da Guarda","robots":{"index":"index","follow":"follow","max-snippet":"max-snippet:-1","max-image-preview":"max-image-preview:large","max-video-preview":"max-video-preview:-1"},"canonical":"https:\/\/www.aguarda.es\/en\/omix-baixo-mino-porrino-salceda-e-o-espazo-xove-de-tui-convocan-o-xi-certame-fotografico-viaxando\/","og_locale":"en_US","og_type":"article","og_title":"As OMIX do Baixo Mi\u00f1o, Porri\u00f1o, Salceda e o Espazo xove de Tui convocan o XI Certame Fotogr\u00e1fico \"Viaxando\" - Concello da Guarda","og_description":"O XI Certame Fotogr\u00e1fico &#8220;Viaxando&#8221;, organizado polas Oficinas Municipais de Informaci\u00f3n Xuvenil de A Guarda, Rosal, Tomi\u00f1o, Gondomar, Salceda de Caselas, Baiona, O Porri\u00f1o e o Espazo xove de Tui est\u00e1 aberto \u00e1 participaci\u00f3n das mozas e\u00a0mozos de entre 12 &hellip;","og_url":"https:\/\/www.aguarda.es\/en\/omix-baixo-mino-porrino-salceda-e-o-espazo-xove-de-tui-convocan-o-xi-certame-fotografico-viaxando\/","og_site_name":"Concello da Guarda","article_publisher":"https:\/\/www.facebook.com\/ConcellodaGuarda","article_published_time":"2017-07-14T07:31:17+00:00","article_modified_time":"2017-07-15T07:51:36+00:00","og_image":[{"width":724,"height":1024,"url":"https:\/\/www.aguarda.es\/wp-content\/uploads\/2017\/07\/CARTELVIAXANDO2017-724x1024.jpg","type":"image\/jpeg"}],"author":"prensa","twitter_card":"summary_large_image","twitter_creator":"@AGuarda_es","twitter_site":"@AGuarda_es","twitter_misc":{"Written by":"prensa","Est. reading time":"1 minute"},"schema":{"@context":"https:\/\/schema.org","@graph":[{"@type":"WebPage","@id":"https:\/\/www.aguarda.es\/en\/omix-baixo-mino-porrino-salceda-e-o-espazo-xove-de-tui-convocan-o-xi-certame-fotografico-viaxando\/","url":"https:\/\/www.aguarda.es\/en\/omix-baixo-mino-porrino-salceda-e-o-espazo-xove-de-tui-convocan-o-xi-certame-fotografico-viaxando\/","name":"As OMIX do Baixo Mi\u00f1o, Porri\u00f1o, Salceda e o Espazo xove de Tui convocan o XI Certame Fotogr\u00e1fico \"Viaxando\" - Concello da Guarda","isPartOf":{"@id":"https:\/\/www.aguarda.es\/en\/#website"},"datePublished":"2017-07-14T07:31:17+00:00","dateModified":"2017-07-15T07:51:36+00:00","author":{"@id":"https:\/\/www.aguarda.es\/en\/#\/schema\/person\/c463ca3006858ffb349d11179d044f21"},"breadcrumb":{"@id":"https:\/\/www.aguarda.es\/en\/omix-baixo-mino-porrino-salceda-e-o-espazo-xove-de-tui-convocan-o-xi-certame-fotografico-viaxando\/#breadcrumb"},"inLanguage":"en-US","potentialAction":[{"@type":"ReadAction","target":["https:\/\/www.aguarda.es\/en\/omix-baixo-mino-porrino-salceda-e-o-espazo-xove-de-tui-convocan-o-xi-certame-fotografico-viaxando\/"]}]},{"@type":"BreadcrumbList","@id":"https:\/\/www.aguarda.es\/en\/omix-baixo-mino-porrino-salceda-e-o-espazo-xove-de-tui-convocan-o-xi-certame-fotografico-viaxando\/#breadcrumb","itemListElement":[{"@type":"ListItem","position":1,"name":"Portada","item":"https:\/\/www.aguarda.es\/en\/"},{"@type":"ListItem","position":2,"name":"As OMIX do Baixo Mi\u00f1o, Porri\u00f1o, Salceda e o Espazo xove de Tui convocan o XI Certame Fotogr\u00e1fico &#8220;Viaxando&#8221;"}]},{"@type":"WebSite","@id":"https:\/\/www.aguarda.es\/en\/#website","url":"https:\/\/www.aguarda.es\/en\/","name":"Concello da Guarda","description":"P\u00e1xina web do concello da Guarda","potentialAction":[{"@type":"SearchAction","target":{"@type":"EntryPoint","urlTemplate":"https:\/\/www.aguarda.es\/en\/?s={search_term_string}"},"query-input":"required name=search_term_string"}],"inLanguage":"en-US"},{"@type":"Person","@id":"https:\/\/www.aguarda.es\/en\/#\/schema\/person\/c463ca3006858ffb349d11179d044f21","name":"prensa","image":{"@type":"ImageObject","inLanguage":"en-US","@id":"https:\/\/www.aguarda.es\/en\/#\/schema\/person\/image\/","url":"https:\/\/secure.gravatar.com\/avatar\/5f90ef536b0f98306edf5c7a1135ffa1?s=96&d=mm&r=g","contentUrl":"https:\/\/secure.gravatar.com\/avatar\/5f90ef536b0f98306edf5c7a1135ffa1?s=96&d=mm&r=g","caption":"prensa"},"url":"https:\/\/www.aguarda.es\/en\/author\/prensa\/"}]}},"_links":{"self":[{"href":"https:\/\/www.aguarda.es\/en\/wp-json\/wp\/v2\/posts\/9515"}],"collection":[{"href":"https:\/\/www.aguarda.es\/en\/wp-json\/wp\/v2\/posts"}],"about":[{"href":"https:\/\/www.aguarda.es\/en\/wp-json\/wp\/v2\/types\/post"}],"author":[{"embeddable":true,"href":"https:\/\/www.aguarda.es\/en\/wp-json\/wp\/v2\/users\/2"}],"replies":[{"embeddable":true,"href":"https:\/\/www.aguarda.es\/en\/wp-json\/wp\/v2\/comments?post=9515"}],"version-history":[{"count":4,"href":"https:\/\/www.aguarda.es\/en\/wp-json\/wp\/v2\/posts\/9515\/revisions"}],"predecessor-version":[{"id":9541,"href":"https:\/\/www.aguarda.es\/en\/wp-json\/wp\/v2\/posts\/9515\/revisions\/9541"}],"wp:featuredmedia":[{"embeddable":true,"href":"https:\/\/www.aguarda.es\/en\/wp-json\/wp\/v2\/media\/9518"}],"wp:attachment":[{"href":"https:\/\/www.aguarda.es\/en\/wp-json\/wp\/v2\/media?parent=9515"}],"wp:term":[{"taxonomy":"category","embeddable":true,"href":"https:\/\/www.aguarda.es\/en\/wp-json\/wp\/v2\/categories?post=9515"},{"taxonomy":"post_tag","embeddable":true,"href":"https:\/\/www.aguarda.es\/en\/wp-json\/wp\/v2\/tags?post=9515"}],"curies":[{"name":"wp","href":"https:\/\/api.w.org\/{rel}","templated":true}]}}