{"id":9550,"date":"2017-07-17T09:40:39","date_gmt":"2017-07-17T09:40:39","guid":{"rendered":"https:\/\/www.aguarda.es\/?p=9550"},"modified":"2017-07-17T09:40:39","modified_gmt":"2017-07-17T09:40:39","slug":"omix-concello-da-guarda-organiza-un-obradoiro-mural-os-dias-27-e-28-de-xullo","status":"publish","type":"post","link":"https:\/\/www.aguarda.es\/en\/omix-concello-da-guarda-organiza-un-obradoiro-mural-os-dias-27-e-28-de-xullo\/","title":{"rendered":"A OMIX do Concello da Guarda organiza un obradoiro mural os d\u00edas 27 e 28 de xullo"},"content":{"rendered":"<p lang=\"gl-ES\" align=\"justify\">Os d\u00edas 27 e 28 de xullo levarase a cabo un obradoiro de intervenci\u00f3n mural da man do artista urbano Marcos Fern\u00e1ndez Cea. Na actividade, dirixida a mozas e mozos a partir de 12 anos, os participantes compartir\u00e1n a experiencia de creaci\u00f3n do mural, cun horario de 10:00 a 14:00 horas nos d\u00edas sinalados.<\/p>\n<p align=\"justify\"><span lang=\"gl-ES\">As persoas interesadas <\/span><span lang=\"gl-ES\">poder\u00e1n<\/span><span lang=\"gl-ES\"> inscribirse acudindo \u00e1<\/span><span lang=\"gl-ES\"> O<\/span><span lang=\"gl-ES\">ficina <\/span><span lang=\"gl-ES\">M<\/span><span lang=\"gl-ES\">unicipal de <\/span><span lang=\"gl-ES\">I<\/span><span lang=\"gl-ES\">nformaci\u00f3n <\/span><span lang=\"gl-ES\">X<\/span><span lang=\"gl-ES\">uvenil <\/span><span lang=\"gl-ES\">(OMIX)<\/span><span lang=\"gl-ES\">,<\/span> <span lang=\"gl-ES\">a<\/span><span lang=\"gl-ES\"> trav\u00e9s do mail <a href=\"mailto:informacion@aguarda.es\">informacion@aguarda.es<\/a>, no tel\u00e9fono 986 614 546 ou <\/span><span lang=\"gl-ES\">a trav\u00e9s do<\/span><span lang=\"gl-ES\"> noso perfil de <\/span><span lang=\"gl-ES\">Facebook. <\/span><\/p>\n","protected":false},"excerpt":{"rendered":"<p>Os d\u00edas 27 e 28 de xullo levarase a cabo un obradoiro de intervenci\u00f3n mural da man do artista urbano Marcos Fern\u00e1ndez Cea. Na actividade, dirixida a mozas e mozos a partir de 12 anos, os participantes compartir\u00e1n a experiencia &hellip; <\/p>\n","protected":false},"author":2,"featured_media":9552,"comment_status":"open","ping_status":"open","sticky":false,"template":"","format":"standard","meta":[],"categories":[184],"tags":[],"yoast_head":"<!-- This site is optimized with the Yoast SEO plugin v21.1 - https:\/\/yoast.com\/wordpress\/plugins\/seo\/ -->\n<title>A OMIX do Concello da Guarda organiza un obradoiro mural os d\u00edas 27 e 28 de xullo - Concello da Guarda<\/title>\n<meta name=\"robots\" content=\"index, follow, max-snippet:-1, max-image-preview:large, max-video-preview:-1\" \/>\n<link rel=\"canonical\" href=\"https:\/\/www.aguarda.es\/en\/omix-concello-da-guarda-organiza-un-obradoiro-mural-os-dias-27-e-28-de-xullo\/\" \/>\n<meta property=\"og:locale\" content=\"en_US\" \/>\n<meta property=\"og:type\" content=\"article\" \/>\n<meta property=\"og:title\" content=\"A OMIX do Concello da Guarda organiza un obradoiro mural os d\u00edas 27 e 28 de xullo - Concello da Guarda\" \/>\n<meta property=\"og:description\" content=\"Os d\u00edas 27 e 28 de xullo levarase a cabo un obradoiro de intervenci\u00f3n mural da man do artista urbano Marcos Fern\u00e1ndez Cea. Na actividade, dirixida a mozas e mozos a partir de 12 anos, os participantes compartir\u00e1n a experiencia &hellip;\" \/>\n<meta property=\"og:url\" content=\"https:\/\/www.aguarda.es\/en\/omix-concello-da-guarda-organiza-un-obradoiro-mural-os-dias-27-e-28-de-xullo\/\" \/>\n<meta property=\"og:site_name\" content=\"Concello da Guarda\" \/>\n<meta property=\"article:publisher\" content=\"https:\/\/www.facebook.com\/ConcellodaGuarda\" \/>\n<meta property=\"article:published_time\" content=\"2017-07-17T09:40:39+00:00\" \/>\n<meta property=\"og:image\" content=\"https:\/\/www.aguarda.es\/wp-content\/uploads\/2017\/07\/PINTURA-MURAL.png\" \/>\n\t<meta property=\"og:image:width\" content=\"794\" \/>\n\t<meta property=\"og:image:height\" content=\"1123\" \/>\n\t<meta property=\"og:image:type\" content=\"image\/png\" \/>\n<meta name=\"author\" content=\"prensa\" \/>\n<meta name=\"twitter:card\" content=\"summary_large_image\" \/>\n<meta name=\"twitter:creator\" content=\"@AGuarda_es\" \/>\n<meta name=\"twitter:site\" content=\"@AGuarda_es\" \/>\n<meta name=\"twitter:label1\" content=\"Written by\" \/>\n\t<meta name=\"twitter:data1\" content=\"prensa\" \/>\n<script type=\"application\/ld+json\" class=\"yoast-schema-graph\">{\"@context\":\"https:\/\/schema.org\",\"@graph\":[{\"@type\":\"WebPage\",\"@id\":\"https:\/\/www.aguarda.es\/en\/omix-concello-da-guarda-organiza-un-obradoiro-mural-os-dias-27-e-28-de-xullo\/\",\"url\":\"https:\/\/www.aguarda.es\/en\/omix-concello-da-guarda-organiza-un-obradoiro-mural-os-dias-27-e-28-de-xullo\/\",\"name\":\"A OMIX do Concello da Guarda organiza un obradoiro mural os d\u00edas 27 e 28 de xullo - Concello da Guarda\",\"isPartOf\":{\"@id\":\"https:\/\/www.aguarda.es\/en\/#website\"},\"datePublished\":\"2017-07-17T09:40:39+00:00\",\"dateModified\":\"2017-07-17T09:40:39+00:00\",\"author\":{\"@id\":\"https:\/\/www.aguarda.es\/en\/#\/schema\/person\/c463ca3006858ffb349d11179d044f21\"},\"breadcrumb\":{\"@id\":\"https:\/\/www.aguarda.es\/en\/omix-concello-da-guarda-organiza-un-obradoiro-mural-os-dias-27-e-28-de-xullo\/#breadcrumb\"},\"inLanguage\":\"en-US\",\"potentialAction\":[{\"@type\":\"ReadAction\",\"target\":[\"https:\/\/www.aguarda.es\/en\/omix-concello-da-guarda-organiza-un-obradoiro-mural-os-dias-27-e-28-de-xullo\/\"]}]},{\"@type\":\"BreadcrumbList\",\"@id\":\"https:\/\/www.aguarda.es\/en\/omix-concello-da-guarda-organiza-un-obradoiro-mural-os-dias-27-e-28-de-xullo\/#breadcrumb\",\"itemListElement\":[{\"@type\":\"ListItem\",\"position\":1,\"name\":\"Portada\",\"item\":\"https:\/\/www.aguarda.es\/en\/\"},{\"@type\":\"ListItem\",\"position\":2,\"name\":\"A OMIX do Concello da Guarda organiza un obradoiro mural os d\u00edas 27 e 28 de xullo\"}]},{\"@type\":\"WebSite\",\"@id\":\"https:\/\/www.aguarda.es\/en\/#website\",\"url\":\"https:\/\/www.aguarda.es\/en\/\",\"name\":\"Concello da Guarda\",\"description\":\"P\u00e1xina web do concello da Guarda\",\"potentialAction\":[{\"@type\":\"SearchAction\",\"target\":{\"@type\":\"EntryPoint\",\"urlTemplate\":\"https:\/\/www.aguarda.es\/en\/?s={search_term_string}\"},\"query-input\":\"required name=search_term_string\"}],\"inLanguage\":\"en-US\"},{\"@type\":\"Person\",\"@id\":\"https:\/\/www.aguarda.es\/en\/#\/schema\/person\/c463ca3006858ffb349d11179d044f21\",\"name\":\"prensa\",\"image\":{\"@type\":\"ImageObject\",\"inLanguage\":\"en-US\",\"@id\":\"https:\/\/www.aguarda.es\/en\/#\/schema\/person\/image\/\",\"url\":\"https:\/\/secure.gravatar.com\/avatar\/5f90ef536b0f98306edf5c7a1135ffa1?s=96&d=mm&r=g\",\"contentUrl\":\"https:\/\/secure.gravatar.com\/avatar\/5f90ef536b0f98306edf5c7a1135ffa1?s=96&d=mm&r=g\",\"caption\":\"prensa\"},\"url\":\"https:\/\/www.aguarda.es\/en\/author\/prensa\/\"}]}<\/script>\n<!-- \/ Yoast SEO plugin. -->","yoast_head_json":{"title":"A OMIX do Concello da Guarda organiza un obradoiro mural os d\u00edas 27 e 28 de xullo - Concello da Guarda","robots":{"index":"index","follow":"follow","max-snippet":"max-snippet:-1","max-image-preview":"max-image-preview:large","max-video-preview":"max-video-preview:-1"},"canonical":"https:\/\/www.aguarda.es\/en\/omix-concello-da-guarda-organiza-un-obradoiro-mural-os-dias-27-e-28-de-xullo\/","og_locale":"en_US","og_type":"article","og_title":"A OMIX do Concello da Guarda organiza un obradoiro mural os d\u00edas 27 e 28 de xullo - Concello da Guarda","og_description":"Os d\u00edas 27 e 28 de xullo levarase a cabo un obradoiro de intervenci\u00f3n mural da man do artista urbano Marcos Fern\u00e1ndez Cea. Na actividade, dirixida a mozas e mozos a partir de 12 anos, os participantes compartir\u00e1n a experiencia &hellip;","og_url":"https:\/\/www.aguarda.es\/en\/omix-concello-da-guarda-organiza-un-obradoiro-mural-os-dias-27-e-28-de-xullo\/","og_site_name":"Concello da Guarda","article_publisher":"https:\/\/www.facebook.com\/ConcellodaGuarda","article_published_time":"2017-07-17T09:40:39+00:00","og_image":[{"width":794,"height":1123,"url":"https:\/\/www.aguarda.es\/wp-content\/uploads\/2017\/07\/PINTURA-MURAL.png","type":"image\/png"}],"author":"prensa","twitter_card":"summary_large_image","twitter_creator":"@AGuarda_es","twitter_site":"@AGuarda_es","twitter_misc":{"Written by":"prensa"},"schema":{"@context":"https:\/\/schema.org","@graph":[{"@type":"WebPage","@id":"https:\/\/www.aguarda.es\/en\/omix-concello-da-guarda-organiza-un-obradoiro-mural-os-dias-27-e-28-de-xullo\/","url":"https:\/\/www.aguarda.es\/en\/omix-concello-da-guarda-organiza-un-obradoiro-mural-os-dias-27-e-28-de-xullo\/","name":"A OMIX do Concello da Guarda organiza un obradoiro mural os d\u00edas 27 e 28 de xullo - Concello da Guarda","isPartOf":{"@id":"https:\/\/www.aguarda.es\/en\/#website"},"datePublished":"2017-07-17T09:40:39+00:00","dateModified":"2017-07-17T09:40:39+00:00","author":{"@id":"https:\/\/www.aguarda.es\/en\/#\/schema\/person\/c463ca3006858ffb349d11179d044f21"},"breadcrumb":{"@id":"https:\/\/www.aguarda.es\/en\/omix-concello-da-guarda-organiza-un-obradoiro-mural-os-dias-27-e-28-de-xullo\/#breadcrumb"},"inLanguage":"en-US","potentialAction":[{"@type":"ReadAction","target":["https:\/\/www.aguarda.es\/en\/omix-concello-da-guarda-organiza-un-obradoiro-mural-os-dias-27-e-28-de-xullo\/"]}]},{"@type":"BreadcrumbList","@id":"https:\/\/www.aguarda.es\/en\/omix-concello-da-guarda-organiza-un-obradoiro-mural-os-dias-27-e-28-de-xullo\/#breadcrumb","itemListElement":[{"@type":"ListItem","position":1,"name":"Portada","item":"https:\/\/www.aguarda.es\/en\/"},{"@type":"ListItem","position":2,"name":"A OMIX do Concello da Guarda organiza un obradoiro mural os d\u00edas 27 e 28 de xullo"}]},{"@type":"WebSite","@id":"https:\/\/www.aguarda.es\/en\/#website","url":"https:\/\/www.aguarda.es\/en\/","name":"Concello da Guarda","description":"P\u00e1xina web do concello da Guarda","potentialAction":[{"@type":"SearchAction","target":{"@type":"EntryPoint","urlTemplate":"https:\/\/www.aguarda.es\/en\/?s={search_term_string}"},"query-input":"required name=search_term_string"}],"inLanguage":"en-US"},{"@type":"Person","@id":"https:\/\/www.aguarda.es\/en\/#\/schema\/person\/c463ca3006858ffb349d11179d044f21","name":"prensa","image":{"@type":"ImageObject","inLanguage":"en-US","@id":"https:\/\/www.aguarda.es\/en\/#\/schema\/person\/image\/","url":"https:\/\/secure.gravatar.com\/avatar\/5f90ef536b0f98306edf5c7a1135ffa1?s=96&d=mm&r=g","contentUrl":"https:\/\/secure.gravatar.com\/avatar\/5f90ef536b0f98306edf5c7a1135ffa1?s=96&d=mm&r=g","caption":"prensa"},"url":"https:\/\/www.aguarda.es\/en\/author\/prensa\/"}]}},"_links":{"self":[{"href":"https:\/\/www.aguarda.es\/en\/wp-json\/wp\/v2\/posts\/9550"}],"collection":[{"href":"https:\/\/www.aguarda.es\/en\/wp-json\/wp\/v2\/posts"}],"about":[{"href":"https:\/\/www.aguarda.es\/en\/wp-json\/wp\/v2\/types\/post"}],"author":[{"embeddable":true,"href":"https:\/\/www.aguarda.es\/en\/wp-json\/wp\/v2\/users\/2"}],"replies":[{"embeddable":true,"href":"https:\/\/www.aguarda.es\/en\/wp-json\/wp\/v2\/comments?post=9550"}],"version-history":[{"count":2,"href":"https:\/\/www.aguarda.es\/en\/wp-json\/wp\/v2\/posts\/9550\/revisions"}],"predecessor-version":[{"id":9553,"href":"https:\/\/www.aguarda.es\/en\/wp-json\/wp\/v2\/posts\/9550\/revisions\/9553"}],"wp:featuredmedia":[{"embeddable":true,"href":"https:\/\/www.aguarda.es\/en\/wp-json\/wp\/v2\/media\/9552"}],"wp:attachment":[{"href":"https:\/\/www.aguarda.es\/en\/wp-json\/wp\/v2\/media?parent=9550"}],"wp:term":[{"taxonomy":"category","embeddable":true,"href":"https:\/\/www.aguarda.es\/en\/wp-json\/wp\/v2\/categories?post=9550"},{"taxonomy":"post_tag","embeddable":true,"href":"https:\/\/www.aguarda.es\/en\/wp-json\/wp\/v2\/tags?post=9550"}],"curies":[{"name":"wp","href":"https:\/\/api.w.org\/{rel}","templated":true}]}}