{"id":9728,"date":"2017-07-26T16:25:39","date_gmt":"2017-07-26T16:25:39","guid":{"rendered":"https:\/\/www.aguarda.es\/?p=9728"},"modified":"2017-07-26T16:40:56","modified_gmt":"2017-07-26T16:40:56","slug":"noites-no-castelo-e-pistactiva-exitos-da-man-da-musica-galega-e-o-espectaculo-circense-na-nosa-vila","status":"publish","type":"post","link":"https:\/\/www.aguarda.es\/en\/noites-no-castelo-e-pistactiva-exitos-da-man-da-musica-galega-e-o-espectaculo-circense-na-nosa-vila\/","title":{"rendered":"\u201cNoites no Castelo\u201d e Pistactiva: \u00e9xitos da man da m\u00fasica galega e o espect\u00e1culo circense na nosa vila"},"content":{"rendered":"<p style=\"text-align: justify\"><em>O dobre concerto de \u201cNoites no Castelo\u201d e o espect\u00e1culo circense da man de Circo Chosko e Isla Letriska foron dous dos pratos fortes da programaci\u00f3n cultural deste ver\u00e1n.<\/em><\/p>\n<p style=\"text-align: justify\">Preto de 2.000 persoas acudiron \u00e1 fortaleza guardesa o pasado s\u00e1bado, 22 de xullo, para o dobre concerto ofertado no marco do xa tradicional \u201cNoites no Castelo\u201d. O espect\u00e1culo comezou pasadas as 22:00 horas no Castelo de Santa Cruz, coa actuaci\u00f3n do gaiteiro Xos\u00e9 Manuel Budi\u00f1o, ao que se uniu a cantante Mercedes Pe\u00f3n como convidada especial para interpretar algunhas das pezas do concerto, que se enmarca na xira \u201cParalaia\u201d 20 Aniversario do m\u00fasico moa\u00f1\u00e9s.<\/p>\n<p style=\"text-align: justify\">Preto da media noite, a gaiteira Susana Seivane tomou o testemu\u00f1o do espect\u00e1culo, cun repertorio de canci\u00f3ns propias e tradicionais, que animou aos espectadores introducindo elementos sorpresa. As\u00ed, por exemplo, incorpor\u00e1ronse a ela artistas como a gaiteira guardesa Nadia V\u00e1zquez e o pequeno Iago, un virtuoso da gaita aos seus 9 anos. Seivane puxo o broche de ouro a unha noite dedicada \u00e1 m\u00fasica galega e \u00e1 s\u00faa tradici\u00f3n.<\/p>\n<div class=\"wpmf-gallerys\"><div id=\"gallery-1\" data-id=\"gallery-1\" data-gutterwidth=\"5\" \n class=\"gallery flexslider carousel wpmfflexslider gallery-link-file wpmf-has-border-radius-0 wpmf-gutterwidth-5 wpmf-gg-multiple-columns\" data-wpmfcolumns=\"3\" data-auto_animation=\"1\" data-border-width=\"0\" data-shadow=\"0\"><ul class=\"slides wpmf-slides\"><\/ul><\/div><\/div>\n<p style=\"text-align: justify\">Para celebrar o d\u00eda de Galicia, o dobre espect\u00e1culo circense Pistactiva convocou onte a pequenos e maiores no Auditorio de San Bieito onde, chegadas as 20.30 horas e coas prazas totalmente ocupadas, deu comezo a funci\u00f3n: Isla Letriska combinou os malabares co humor ao m\u00e1is puro estilo clown, mentres Circo Chosko amosou as s\u00faas habilidades acr\u00f3batas e no trapecio, sen deixar ao marxe as s\u00faas capacidades humor\u00edsticas. Ambos cativaron ao numeroso p\u00fablico, de preto de 400 personas, cun espect\u00e1culo participativo e moi divertido.<\/p>\n<div class=\"wpmf-gallerys\"><div id=\"gallery-2\" data-id=\"gallery-2\" data-gutterwidth=\"5\" \n class=\"gallery flexslider carousel wpmfflexslider gallery-link-file wpmf-has-border-radius-0 wpmf-gutterwidth-5 wpmf-gg-multiple-columns\" data-wpmfcolumns=\"2\" data-auto_animation=\"1\" data-border-width=\"0\" data-shadow=\"0\"><ul class=\"slides wpmf-slides\"><\/ul><\/div><\/div>\n","protected":false},"excerpt":{"rendered":"<p>O dobre concerto de \u201cNoites no Castelo\u201d e o espect\u00e1culo circense da man de Circo Chosko e Isla Letriska foron dous dos pratos fortes da programaci\u00f3n cultural deste ver\u00e1n. Preto de 2.000 persoas acudiron \u00e1 fortaleza guardesa o pasado s\u00e1bado, &hellip; <\/p>\n","protected":false},"author":2,"featured_media":9725,"comment_status":"open","ping_status":"open","sticky":false,"template":"","format":"standard","meta":[],"categories":[34],"tags":[413,225,429,414,408,405,412,428],"yoast_head":"<!-- This site is optimized with the Yoast SEO plugin v21.1 - https:\/\/yoast.com\/wordpress\/plugins\/seo\/ -->\n<title>\u201cNoites no Castelo\u201d e Pistactiva: \u00e9xitos da man da m\u00fasica galega e o espect\u00e1culo circense na nosa vila - Concello da Guarda<\/title>\n<meta name=\"robots\" content=\"index, follow, max-snippet:-1, max-image-preview:large, max-video-preview:-1\" \/>\n<link rel=\"canonical\" href=\"https:\/\/www.aguarda.es\/en\/noites-no-castelo-e-pistactiva-exitos-da-man-da-musica-galega-e-o-espectaculo-circense-na-nosa-vila\/\" \/>\n<meta property=\"og:locale\" content=\"en_US\" \/>\n<meta property=\"og:type\" content=\"article\" \/>\n<meta property=\"og:title\" content=\"\u201cNoites no Castelo\u201d e Pistactiva: \u00e9xitos da man da m\u00fasica galega e o espect\u00e1culo circense na nosa vila - Concello da Guarda\" \/>\n<meta property=\"og:description\" content=\"O dobre concerto de \u201cNoites no Castelo\u201d e o espect\u00e1culo circense da man de Circo Chosko e Isla Letriska foron dous dos pratos fortes da programaci\u00f3n cultural deste ver\u00e1n. Preto de 2.000 persoas acudiron \u00e1 fortaleza guardesa o pasado s\u00e1bado, &hellip;\" \/>\n<meta property=\"og:url\" content=\"https:\/\/www.aguarda.es\/en\/noites-no-castelo-e-pistactiva-exitos-da-man-da-musica-galega-e-o-espectaculo-circense-na-nosa-vila\/\" \/>\n<meta property=\"og:site_name\" content=\"Concello da Guarda\" \/>\n<meta property=\"article:publisher\" content=\"https:\/\/www.facebook.com\/ConcellodaGuarda\" \/>\n<meta property=\"article:published_time\" content=\"2017-07-26T16:25:39+00:00\" \/>\n<meta property=\"article:modified_time\" content=\"2017-07-26T16:40:56+00:00\" \/>\n<meta property=\"og:image\" content=\"https:\/\/www.aguarda.es\/wp-content\/uploads\/2017\/07\/Seivane.jpg\" \/>\n\t<meta property=\"og:image:width\" content=\"6016\" \/>\n\t<meta property=\"og:image:height\" content=\"4000\" \/>\n\t<meta property=\"og:image:type\" content=\"image\/jpeg\" \/>\n<meta name=\"author\" content=\"prensa\" \/>\n<meta name=\"twitter:card\" content=\"summary_large_image\" \/>\n<meta name=\"twitter:creator\" content=\"@AGuarda_es\" \/>\n<meta name=\"twitter:site\" content=\"@AGuarda_es\" \/>\n<meta name=\"twitter:label1\" content=\"Written by\" \/>\n\t<meta name=\"twitter:data1\" content=\"prensa\" \/>\n\t<meta name=\"twitter:label2\" content=\"Est. reading time\" \/>\n\t<meta name=\"twitter:data2\" content=\"1 minute\" \/>\n<script type=\"application\/ld+json\" class=\"yoast-schema-graph\">{\"@context\":\"https:\/\/schema.org\",\"@graph\":[{\"@type\":\"WebPage\",\"@id\":\"https:\/\/www.aguarda.es\/en\/noites-no-castelo-e-pistactiva-exitos-da-man-da-musica-galega-e-o-espectaculo-circense-na-nosa-vila\/\",\"url\":\"https:\/\/www.aguarda.es\/en\/noites-no-castelo-e-pistactiva-exitos-da-man-da-musica-galega-e-o-espectaculo-circense-na-nosa-vila\/\",\"name\":\"\u201cNoites no Castelo\u201d e Pistactiva: \u00e9xitos da man da m\u00fasica galega e o espect\u00e1culo circense na nosa vila - Concello da Guarda\",\"isPartOf\":{\"@id\":\"https:\/\/www.aguarda.es\/en\/#website\"},\"datePublished\":\"2017-07-26T16:25:39+00:00\",\"dateModified\":\"2017-07-26T16:40:56+00:00\",\"author\":{\"@id\":\"https:\/\/www.aguarda.es\/en\/#\/schema\/person\/c463ca3006858ffb349d11179d044f21\"},\"breadcrumb\":{\"@id\":\"https:\/\/www.aguarda.es\/en\/noites-no-castelo-e-pistactiva-exitos-da-man-da-musica-galega-e-o-espectaculo-circense-na-nosa-vila\/#breadcrumb\"},\"inLanguage\":\"en-US\",\"potentialAction\":[{\"@type\":\"ReadAction\",\"target\":[\"https:\/\/www.aguarda.es\/en\/noites-no-castelo-e-pistactiva-exitos-da-man-da-musica-galega-e-o-espectaculo-circense-na-nosa-vila\/\"]}]},{\"@type\":\"BreadcrumbList\",\"@id\":\"https:\/\/www.aguarda.es\/en\/noites-no-castelo-e-pistactiva-exitos-da-man-da-musica-galega-e-o-espectaculo-circense-na-nosa-vila\/#breadcrumb\",\"itemListElement\":[{\"@type\":\"ListItem\",\"position\":1,\"name\":\"Portada\",\"item\":\"https:\/\/www.aguarda.es\/en\/\"},{\"@type\":\"ListItem\",\"position\":2,\"name\":\"\u201cNoites no Castelo\u201d e Pistactiva: \u00e9xitos da man da m\u00fasica galega e o espect\u00e1culo circense na nosa vila\"}]},{\"@type\":\"WebSite\",\"@id\":\"https:\/\/www.aguarda.es\/en\/#website\",\"url\":\"https:\/\/www.aguarda.es\/en\/\",\"name\":\"Concello da Guarda\",\"description\":\"P\u00e1xina web do concello da Guarda\",\"potentialAction\":[{\"@type\":\"SearchAction\",\"target\":{\"@type\":\"EntryPoint\",\"urlTemplate\":\"https:\/\/www.aguarda.es\/en\/?s={search_term_string}\"},\"query-input\":\"required name=search_term_string\"}],\"inLanguage\":\"en-US\"},{\"@type\":\"Person\",\"@id\":\"https:\/\/www.aguarda.es\/en\/#\/schema\/person\/c463ca3006858ffb349d11179d044f21\",\"name\":\"prensa\",\"image\":{\"@type\":\"ImageObject\",\"inLanguage\":\"en-US\",\"@id\":\"https:\/\/www.aguarda.es\/en\/#\/schema\/person\/image\/\",\"url\":\"https:\/\/secure.gravatar.com\/avatar\/5f90ef536b0f98306edf5c7a1135ffa1?s=96&d=mm&r=g\",\"contentUrl\":\"https:\/\/secure.gravatar.com\/avatar\/5f90ef536b0f98306edf5c7a1135ffa1?s=96&d=mm&r=g\",\"caption\":\"prensa\"},\"url\":\"https:\/\/www.aguarda.es\/en\/author\/prensa\/\"}]}<\/script>\n<!-- \/ Yoast SEO plugin. -->","yoast_head_json":{"title":"\u201cNoites no Castelo\u201d e Pistactiva: \u00e9xitos da man da m\u00fasica galega e o espect\u00e1culo circense na nosa vila - Concello da Guarda","robots":{"index":"index","follow":"follow","max-snippet":"max-snippet:-1","max-image-preview":"max-image-preview:large","max-video-preview":"max-video-preview:-1"},"canonical":"https:\/\/www.aguarda.es\/en\/noites-no-castelo-e-pistactiva-exitos-da-man-da-musica-galega-e-o-espectaculo-circense-na-nosa-vila\/","og_locale":"en_US","og_type":"article","og_title":"\u201cNoites no Castelo\u201d e Pistactiva: \u00e9xitos da man da m\u00fasica galega e o espect\u00e1culo circense na nosa vila - Concello da Guarda","og_description":"O dobre concerto de \u201cNoites no Castelo\u201d e o espect\u00e1culo circense da man de Circo Chosko e Isla Letriska foron dous dos pratos fortes da programaci\u00f3n cultural deste ver\u00e1n. Preto de 2.000 persoas acudiron \u00e1 fortaleza guardesa o pasado s\u00e1bado, &hellip;","og_url":"https:\/\/www.aguarda.es\/en\/noites-no-castelo-e-pistactiva-exitos-da-man-da-musica-galega-e-o-espectaculo-circense-na-nosa-vila\/","og_site_name":"Concello da Guarda","article_publisher":"https:\/\/www.facebook.com\/ConcellodaGuarda","article_published_time":"2017-07-26T16:25:39+00:00","article_modified_time":"2017-07-26T16:40:56+00:00","og_image":[{"width":6016,"height":4000,"url":"https:\/\/www.aguarda.es\/wp-content\/uploads\/2017\/07\/Seivane.jpg","type":"image\/jpeg"}],"author":"prensa","twitter_card":"summary_large_image","twitter_creator":"@AGuarda_es","twitter_site":"@AGuarda_es","twitter_misc":{"Written by":"prensa","Est. reading time":"1 minute"},"schema":{"@context":"https:\/\/schema.org","@graph":[{"@type":"WebPage","@id":"https:\/\/www.aguarda.es\/en\/noites-no-castelo-e-pistactiva-exitos-da-man-da-musica-galega-e-o-espectaculo-circense-na-nosa-vila\/","url":"https:\/\/www.aguarda.es\/en\/noites-no-castelo-e-pistactiva-exitos-da-man-da-musica-galega-e-o-espectaculo-circense-na-nosa-vila\/","name":"\u201cNoites no Castelo\u201d e Pistactiva: \u00e9xitos da man da m\u00fasica galega e o espect\u00e1culo circense na nosa vila - Concello da Guarda","isPartOf":{"@id":"https:\/\/www.aguarda.es\/en\/#website"},"datePublished":"2017-07-26T16:25:39+00:00","dateModified":"2017-07-26T16:40:56+00:00","author":{"@id":"https:\/\/www.aguarda.es\/en\/#\/schema\/person\/c463ca3006858ffb349d11179d044f21"},"breadcrumb":{"@id":"https:\/\/www.aguarda.es\/en\/noites-no-castelo-e-pistactiva-exitos-da-man-da-musica-galega-e-o-espectaculo-circense-na-nosa-vila\/#breadcrumb"},"inLanguage":"en-US","potentialAction":[{"@type":"ReadAction","target":["https:\/\/www.aguarda.es\/en\/noites-no-castelo-e-pistactiva-exitos-da-man-da-musica-galega-e-o-espectaculo-circense-na-nosa-vila\/"]}]},{"@type":"BreadcrumbList","@id":"https:\/\/www.aguarda.es\/en\/noites-no-castelo-e-pistactiva-exitos-da-man-da-musica-galega-e-o-espectaculo-circense-na-nosa-vila\/#breadcrumb","itemListElement":[{"@type":"ListItem","position":1,"name":"Portada","item":"https:\/\/www.aguarda.es\/en\/"},{"@type":"ListItem","position":2,"name":"\u201cNoites no Castelo\u201d e Pistactiva: \u00e9xitos da man da m\u00fasica galega e o espect\u00e1culo circense na nosa vila"}]},{"@type":"WebSite","@id":"https:\/\/www.aguarda.es\/en\/#website","url":"https:\/\/www.aguarda.es\/en\/","name":"Concello da Guarda","description":"P\u00e1xina web do concello da Guarda","potentialAction":[{"@type":"SearchAction","target":{"@type":"EntryPoint","urlTemplate":"https:\/\/www.aguarda.es\/en\/?s={search_term_string}"},"query-input":"required name=search_term_string"}],"inLanguage":"en-US"},{"@type":"Person","@id":"https:\/\/www.aguarda.es\/en\/#\/schema\/person\/c463ca3006858ffb349d11179d044f21","name":"prensa","image":{"@type":"ImageObject","inLanguage":"en-US","@id":"https:\/\/www.aguarda.es\/en\/#\/schema\/person\/image\/","url":"https:\/\/secure.gravatar.com\/avatar\/5f90ef536b0f98306edf5c7a1135ffa1?s=96&d=mm&r=g","contentUrl":"https:\/\/secure.gravatar.com\/avatar\/5f90ef536b0f98306edf5c7a1135ffa1?s=96&d=mm&r=g","caption":"prensa"},"url":"https:\/\/www.aguarda.es\/en\/author\/prensa\/"}]}},"_links":{"self":[{"href":"https:\/\/www.aguarda.es\/en\/wp-json\/wp\/v2\/posts\/9728"}],"collection":[{"href":"https:\/\/www.aguarda.es\/en\/wp-json\/wp\/v2\/posts"}],"about":[{"href":"https:\/\/www.aguarda.es\/en\/wp-json\/wp\/v2\/types\/post"}],"author":[{"embeddable":true,"href":"https:\/\/www.aguarda.es\/en\/wp-json\/wp\/v2\/users\/2"}],"replies":[{"embeddable":true,"href":"https:\/\/www.aguarda.es\/en\/wp-json\/wp\/v2\/comments?post=9728"}],"version-history":[{"count":4,"href":"https:\/\/www.aguarda.es\/en\/wp-json\/wp\/v2\/posts\/9728\/revisions"}],"predecessor-version":[{"id":9732,"href":"https:\/\/www.aguarda.es\/en\/wp-json\/wp\/v2\/posts\/9728\/revisions\/9732"}],"wp:featuredmedia":[{"embeddable":true,"href":"https:\/\/www.aguarda.es\/en\/wp-json\/wp\/v2\/media\/9725"}],"wp:attachment":[{"href":"https:\/\/www.aguarda.es\/en\/wp-json\/wp\/v2\/media?parent=9728"}],"wp:term":[{"taxonomy":"category","embeddable":true,"href":"https:\/\/www.aguarda.es\/en\/wp-json\/wp\/v2\/categories?post=9728"},{"taxonomy":"post_tag","embeddable":true,"href":"https:\/\/www.aguarda.es\/en\/wp-json\/wp\/v2\/tags?post=9728"}],"curies":[{"name":"wp","href":"https:\/\/api.w.org\/{rel}","templated":true}]}}