{"id":9775,"date":"2017-07-29T12:46:57","date_gmt":"2017-07-29T12:46:57","guid":{"rendered":"https:\/\/www.aguarda.es\/?p=9775"},"modified":"2017-08-02T09:02:49","modified_gmt":"2017-08-02T09:02:49","slug":"o-pregon-das-campionas-atletico-guardes-deu-comezo-xiv-festa-peixe-espada-no-porto-da-guarda","status":"publish","type":"post","link":"https:\/\/www.aguarda.es\/en\/o-pregon-das-campionas-atletico-guardes-deu-comezo-xiv-festa-peixe-espada-no-porto-da-guarda\/","title":{"rendered":"O preg\u00f3n das campionas do Atl\u00e9tico Guard\u00e9s deu comezo \u00e1 XIV Festa do Peixe Espada no porto"},"content":{"rendered":"<p style=\"text-align: justify\"><em>O porto da Guarda acolle durante esta fin de semana a tradicional Festa do Peixe Espada, organizada pola Organizaci\u00f3n de Palangreiros Guardeses (ORPAGU) en colaboraci\u00f3n co Concello da Guarda. A celebraci\u00f3n arrancou onte, pasadas as 20 horas, co preg\u00f3n inaugural a cargo das campionas de Liga do Clube de Balonm\u00e1n Mecalia Atl\u00e9tico Guard\u00e9s.<\/em><\/p>\n<p style=\"text-align: justify\">O alcalde do Concello da Guarda, Antonio Lomba, foi o encargado de dar a benvida \u00f3 acto de inauguraci\u00f3n, dedicando un merecido reco\u00f1ecemento \u00e1 labor realizada polos organizadores, grazas aos cales esta d\u00e9cimo cuarta edici\u00f3n da festa gastron\u00f3mica \u00e9 posible.<\/p>\n<h5 style=\"text-align: justify\"><strong>Un preg\u00f3n de campionas<\/strong><\/h5>\n<p style=\"text-align: justify\">O equipo guard\u00e9s, que ven de firmar un acordo de patrocinio con ORPAGU, aproveitou a ocasi\u00f3n para amosar o seu novo equipamento, no que se inclue o logotipo coa silueta do peixe espada, representativo da organizaci\u00f3n. Xa lucindo a nova camiseta, a capitana do Atl\u00e9tico Guard\u00e9s, Estela Doiro, tomou a palabra agradecendo o apoio tanto dos afeccionados como dos patrocinadores, para pasar a eloxiar as virtudes nutricionais do peixe protagonista da festa e animar \u00e1 inclusi\u00f3n deste alimento nas nosas dietas.<\/p>\n<div class=\"wpmf-gallerys\"><div id=\"gallery-1\" data-id=\"gallery-1\" data-gutterwidth=\"5\" \n class=\"gallery flexslider carousel wpmfflexslider gallery-link-file wpmf-has-border-radius-0 wpmf-gutterwidth-5 wpmf-gg-multiple-columns\" data-wpmfcolumns=\"2\" data-auto_animation=\"1\" data-border-width=\"0\" data-shadow=\"0\"><ul class=\"slides wpmf-slides\"><\/ul><\/div><\/div>\n<p style=\"text-align: justify\">Tras o preg\u00f3n, a xerente da Organizaci\u00f3n de Palangreiros Guardeses, Juana Parada, fixo entrega dos premios \u00e1s ga\u00f1adoras do II Concurso de Relatos \u201cHomes de Mulleres do mar\u201d, para a mosense de 12 anos, Mar\u00eda Calvar; e o Concurso de Carteis \u201cFesta do Peixe Espada\u201d, que foi para Mikaela Rodr\u00edguez, de 10 anos de idade e alumna do Colexio Padres Somascos da Guarda. A organizaci\u00f3n tam\u00e9n quixo agasallar, facendo entrega dunha figura conmemorativa da festa elaborada polos alumnos co Centro San Xerome Emiliani, \u00e1s pregoeiras do Atl\u00e9tico Guard\u00e9s e \u00f3 Concello da Guarda, como agradecemento a s\u00faa colaboraci\u00f3n.<strong>\u00a0<\/strong><\/p>\n<h5 style=\"text-align: left\"><strong>Programaci\u00f3n deportiva e l\u00fadica<\/strong><\/h5>\n<figure id=\"attachment_9768\" aria-describedby=\"caption-attachment-9768\" style=\"width: 300px\" class=\"wp-caption alignright\"><img decoding=\"async\" loading=\"lazy\" class=\"wp-image-9768 size-medium\" src=\"https:\/\/www.aguarda.es\/wp-content\/uploads\/2017\/07\/Agrupaci\u00f3n-Musical_opt-300x200.jpg?_t=1501331710\" alt=\"\" width=\"300\" height=\"200\" srcset=\"https:\/\/www.aguarda.es\/wp-content\/uploads\/2017\/07\/Agrupaci\u00f3n-Musical_opt-300x200.jpg 300w, https:\/\/www.aguarda.es\/wp-content\/uploads\/2017\/07\/Agrupaci\u00f3n-Musical_opt-570x380.jpg 570w, https:\/\/www.aguarda.es\/wp-content\/uploads\/2017\/07\/Agrupaci\u00f3n-Musical_opt-768x512.jpg 768w, https:\/\/www.aguarda.es\/wp-content\/uploads\/2017\/07\/Agrupaci\u00f3n-Musical_opt-1024x682.jpg 1024w, https:\/\/www.aguarda.es\/wp-content\/uploads\/2017\/07\/Agrupaci\u00f3n-Musical_opt.jpg 2000w\" sizes=\"(max-width: 300px) 100vw, 300px\" \/><figcaption id=\"caption-attachment-9768\" class=\"wp-caption-text\">Concerto &#8220;Tributos Rock&amp;Pop&#8221; da Agrupaci\u00f3n Musical da Guarda<\/figcaption><\/figure>\n<p style=\"text-align: justify\">O acto rematou coa presentaci\u00f3n do II Campionato Galego Inclusivo de N\u00e1utico Adaptado, organizado polo Clube N\u00e1utico Sen Amarras, que se celebra esta ma\u00f1\u00e1 no porto da Guarda. A charanga Cantos Somos animou aos primeiros comensais da festa, para dar paso \u00f3 concertos \u201cTributos Pop&amp;Rock\u201d ofrecido pola Agrupaci\u00f3n Musical da Guarda, pasadas as 22.00 horas, no exterior da carpa.<\/p>\n<p style=\"text-align: justify\">A entrega dos premios da competici\u00f3n celebrarase esta tarde, \u00e1s 20.00 horas, na carpa do porto, tras as actuaci\u00f3ns do Coro Fuscalheiro (de 15.00 a 17.00 horas) e o Grupo de Acorde\u00f3ns Mascarelhas (a partir das 19.00 horas). Este \u00faltimo volver\u00e1 amenizar esta xornada gastron\u00f3mica tras a entrega dos premios e, xa \u00e1s 23.00 horas, a m\u00fasica tradicional ceder\u00e1 o espazo \u00e1 electr\u00f3nica, da man do DJ Diego Wass.<\/p>\n<p style=\"text-align: justify\">Ma\u00f1\u00e1 domingo as actuaci\u00f3ns musicais comezar\u00e1n as 15.00 horas, co Grupo de baile e gaitas Do Lusco \u00f3 Fusco e, chegadas as 19.00 horas, a m\u00fasica tradicional galega volver\u00e1 coa actuaci\u00f3n do grupo de gaitas A Boalleira.<\/p>\n<p style=\"text-align: justify\">Amais destas, a festa conta con mercado artesanal durante todo o d\u00eda e outras actividades dirixidas aos m\u00e1is pequenos, como inchables, pintacaras e obradoiros entre as 15.00 e as 21.00 horas. O domingo eng\u00e1dense as actividades acu\u00e1ticas organizadas polo Clube Alagua, que ofertar\u00e1 clases de vela para os cativos.<\/p>\n<h5 style=\"text-align: left\"><strong>Variada oferta gastron\u00f3mica e l\u00fadica<\/strong><\/h5>\n<p style=\"text-align: justify\">Os establecementos hosteleiros participantes nesta XIV edici\u00f3n da festa (Xantar, Cangrexal, O Roxo e Xeito) ofertan un total de 16 preparaci\u00f3ns distintas do peixe espada, entre pratos e tapas cuxos prezos non superan os 8 euros. As\u00ed, os visitantes poder\u00e1n degustar ata ma\u00f1\u00e1 o tradicional prato de espada \u00e1 prancha con cachelos ou noutras variedades como guisado, en salpic\u00f3n, en empanada ou empanadillas, croquetas, en zorza, en tostas, en escabeche, ao peregrino; fideu\u00e1, tortilla ou quiche con peixe espada, e bocadi\u00f1os de espada con salsa <em>alioli<\/em>. A oferta gastron\u00f3mica compl\u00e9tase cos postres da Confiter\u00eda Est\u00e9vez e o posto de productos <em>gourmet<\/em> en conserva de ORPAGU.<\/p>\n<div class=\"wpmf-gallerys\"><div id=\"gallery-2\" data-id=\"gallery-2\" data-gutterwidth=\"5\" \n class=\"gallery flexslider carousel wpmfflexslider gallery-link-file wpmf-has-border-radius-0 wpmf-gutterwidth-5 wpmf-gg-multiple-columns\" data-wpmfcolumns=\"2\" data-auto_animation=\"1\" data-border-width=\"0\" data-shadow=\"0\"><ul class=\"slides wpmf-slides\"><\/ul><\/div><\/div>\n","protected":false},"excerpt":{"rendered":"<p>O porto da Guarda acolle durante esta fin de semana a tradicional Festa do Peixe Espada, organizada pola Organizaci\u00f3n de Palangreiros Guardeses (ORPAGU) en colaboraci\u00f3n co Concello da Guarda. A celebraci\u00f3n arrancou onte, pasadas as 20 horas, co preg\u00f3n inaugural &hellip; <\/p>\n","protected":false},"author":2,"featured_media":9770,"comment_status":"open","ping_status":"open","sticky":false,"template":"","format":"standard","meta":[],"categories":[34,56],"tags":[437,436,435,434],"yoast_head":"<!-- This site is optimized with the Yoast SEO plugin v21.1 - https:\/\/yoast.com\/wordpress\/plugins\/seo\/ -->\n<title>O preg\u00f3n das campionas do Atl\u00e9tico Guard\u00e9s deu comezo \u00e1 XIV Festa do Peixe Espada no porto - Concello da Guarda<\/title>\n<meta name=\"robots\" content=\"index, follow, max-snippet:-1, max-image-preview:large, max-video-preview:-1\" \/>\n<link rel=\"canonical\" href=\"https:\/\/www.aguarda.es\/en\/o-pregon-das-campionas-atletico-guardes-deu-comezo-xiv-festa-peixe-espada-no-porto-da-guarda\/\" \/>\n<meta property=\"og:locale\" content=\"en_US\" \/>\n<meta property=\"og:type\" content=\"article\" \/>\n<meta property=\"og:title\" content=\"O preg\u00f3n das campionas do Atl\u00e9tico Guard\u00e9s deu comezo \u00e1 XIV Festa do Peixe Espada no porto - Concello da Guarda\" \/>\n<meta property=\"og:description\" content=\"O porto da Guarda acolle durante esta fin de semana a tradicional Festa do Peixe Espada, organizada pola Organizaci\u00f3n de Palangreiros Guardeses (ORPAGU) en colaboraci\u00f3n co Concello da Guarda. A celebraci\u00f3n arrancou onte, pasadas as 20 horas, co preg\u00f3n inaugural &hellip;\" \/>\n<meta property=\"og:url\" content=\"https:\/\/www.aguarda.es\/en\/o-pregon-das-campionas-atletico-guardes-deu-comezo-xiv-festa-peixe-espada-no-porto-da-guarda\/\" \/>\n<meta property=\"og:site_name\" content=\"Concello da Guarda\" \/>\n<meta property=\"article:publisher\" content=\"https:\/\/www.facebook.com\/ConcellodaGuarda\" \/>\n<meta property=\"article:published_time\" content=\"2017-07-29T12:46:57+00:00\" \/>\n<meta property=\"article:modified_time\" content=\"2017-08-02T09:02:49+00:00\" \/>\n<meta property=\"og:image\" content=\"https:\/\/www.aguarda.es\/wp-content\/uploads\/2017\/07\/Atl\u00e9tico-Guard\u00e9s.jpg\" \/>\n\t<meta property=\"og:image:width\" content=\"4752\" \/>\n\t<meta property=\"og:image:height\" content=\"3001\" \/>\n\t<meta property=\"og:image:type\" content=\"image\/jpeg\" \/>\n<meta name=\"author\" content=\"prensa\" \/>\n<meta name=\"twitter:card\" content=\"summary_large_image\" \/>\n<meta name=\"twitter:creator\" content=\"@AGuarda_es\" \/>\n<meta name=\"twitter:site\" content=\"@AGuarda_es\" \/>\n<meta name=\"twitter:label1\" content=\"Written by\" \/>\n\t<meta name=\"twitter:data1\" content=\"prensa\" \/>\n\t<meta name=\"twitter:label2\" content=\"Est. reading time\" \/>\n\t<meta name=\"twitter:data2\" content=\"3 minutes\" \/>\n<script type=\"application\/ld+json\" class=\"yoast-schema-graph\">{\"@context\":\"https:\/\/schema.org\",\"@graph\":[{\"@type\":\"WebPage\",\"@id\":\"https:\/\/www.aguarda.es\/en\/o-pregon-das-campionas-atletico-guardes-deu-comezo-xiv-festa-peixe-espada-no-porto-da-guarda\/\",\"url\":\"https:\/\/www.aguarda.es\/en\/o-pregon-das-campionas-atletico-guardes-deu-comezo-xiv-festa-peixe-espada-no-porto-da-guarda\/\",\"name\":\"O preg\u00f3n das campionas do Atl\u00e9tico Guard\u00e9s deu comezo \u00e1 XIV Festa do Peixe Espada no porto - Concello da Guarda\",\"isPartOf\":{\"@id\":\"https:\/\/www.aguarda.es\/en\/#website\"},\"datePublished\":\"2017-07-29T12:46:57+00:00\",\"dateModified\":\"2017-08-02T09:02:49+00:00\",\"author\":{\"@id\":\"https:\/\/www.aguarda.es\/en\/#\/schema\/person\/c463ca3006858ffb349d11179d044f21\"},\"breadcrumb\":{\"@id\":\"https:\/\/www.aguarda.es\/en\/o-pregon-das-campionas-atletico-guardes-deu-comezo-xiv-festa-peixe-espada-no-porto-da-guarda\/#breadcrumb\"},\"inLanguage\":\"en-US\",\"potentialAction\":[{\"@type\":\"ReadAction\",\"target\":[\"https:\/\/www.aguarda.es\/en\/o-pregon-das-campionas-atletico-guardes-deu-comezo-xiv-festa-peixe-espada-no-porto-da-guarda\/\"]}]},{\"@type\":\"BreadcrumbList\",\"@id\":\"https:\/\/www.aguarda.es\/en\/o-pregon-das-campionas-atletico-guardes-deu-comezo-xiv-festa-peixe-espada-no-porto-da-guarda\/#breadcrumb\",\"itemListElement\":[{\"@type\":\"ListItem\",\"position\":1,\"name\":\"Portada\",\"item\":\"https:\/\/www.aguarda.es\/en\/\"},{\"@type\":\"ListItem\",\"position\":2,\"name\":\"O preg\u00f3n das campionas do Atl\u00e9tico Guard\u00e9s deu comezo \u00e1 XIV Festa do Peixe Espada no porto\"}]},{\"@type\":\"WebSite\",\"@id\":\"https:\/\/www.aguarda.es\/en\/#website\",\"url\":\"https:\/\/www.aguarda.es\/en\/\",\"name\":\"Concello da Guarda\",\"description\":\"P\u00e1xina web do concello da Guarda\",\"potentialAction\":[{\"@type\":\"SearchAction\",\"target\":{\"@type\":\"EntryPoint\",\"urlTemplate\":\"https:\/\/www.aguarda.es\/en\/?s={search_term_string}\"},\"query-input\":\"required name=search_term_string\"}],\"inLanguage\":\"en-US\"},{\"@type\":\"Person\",\"@id\":\"https:\/\/www.aguarda.es\/en\/#\/schema\/person\/c463ca3006858ffb349d11179d044f21\",\"name\":\"prensa\",\"image\":{\"@type\":\"ImageObject\",\"inLanguage\":\"en-US\",\"@id\":\"https:\/\/www.aguarda.es\/en\/#\/schema\/person\/image\/\",\"url\":\"https:\/\/secure.gravatar.com\/avatar\/5f90ef536b0f98306edf5c7a1135ffa1?s=96&d=mm&r=g\",\"contentUrl\":\"https:\/\/secure.gravatar.com\/avatar\/5f90ef536b0f98306edf5c7a1135ffa1?s=96&d=mm&r=g\",\"caption\":\"prensa\"},\"url\":\"https:\/\/www.aguarda.es\/en\/author\/prensa\/\"}]}<\/script>\n<!-- \/ Yoast SEO plugin. -->","yoast_head_json":{"title":"O preg\u00f3n das campionas do Atl\u00e9tico Guard\u00e9s deu comezo \u00e1 XIV Festa do Peixe Espada no porto - Concello da Guarda","robots":{"index":"index","follow":"follow","max-snippet":"max-snippet:-1","max-image-preview":"max-image-preview:large","max-video-preview":"max-video-preview:-1"},"canonical":"https:\/\/www.aguarda.es\/en\/o-pregon-das-campionas-atletico-guardes-deu-comezo-xiv-festa-peixe-espada-no-porto-da-guarda\/","og_locale":"en_US","og_type":"article","og_title":"O preg\u00f3n das campionas do Atl\u00e9tico Guard\u00e9s deu comezo \u00e1 XIV Festa do Peixe Espada no porto - Concello da Guarda","og_description":"O porto da Guarda acolle durante esta fin de semana a tradicional Festa do Peixe Espada, organizada pola Organizaci\u00f3n de Palangreiros Guardeses (ORPAGU) en colaboraci\u00f3n co Concello da Guarda. A celebraci\u00f3n arrancou onte, pasadas as 20 horas, co preg\u00f3n inaugural &hellip;","og_url":"https:\/\/www.aguarda.es\/en\/o-pregon-das-campionas-atletico-guardes-deu-comezo-xiv-festa-peixe-espada-no-porto-da-guarda\/","og_site_name":"Concello da Guarda","article_publisher":"https:\/\/www.facebook.com\/ConcellodaGuarda","article_published_time":"2017-07-29T12:46:57+00:00","article_modified_time":"2017-08-02T09:02:49+00:00","og_image":[{"width":4752,"height":3001,"url":"https:\/\/www.aguarda.es\/wp-content\/uploads\/2017\/07\/Atl\u00e9tico-Guard\u00e9s.jpg","type":"image\/jpeg"}],"author":"prensa","twitter_card":"summary_large_image","twitter_creator":"@AGuarda_es","twitter_site":"@AGuarda_es","twitter_misc":{"Written by":"prensa","Est. reading time":"3 minutes"},"schema":{"@context":"https:\/\/schema.org","@graph":[{"@type":"WebPage","@id":"https:\/\/www.aguarda.es\/en\/o-pregon-das-campionas-atletico-guardes-deu-comezo-xiv-festa-peixe-espada-no-porto-da-guarda\/","url":"https:\/\/www.aguarda.es\/en\/o-pregon-das-campionas-atletico-guardes-deu-comezo-xiv-festa-peixe-espada-no-porto-da-guarda\/","name":"O preg\u00f3n das campionas do Atl\u00e9tico Guard\u00e9s deu comezo \u00e1 XIV Festa do Peixe Espada no porto - Concello da Guarda","isPartOf":{"@id":"https:\/\/www.aguarda.es\/en\/#website"},"datePublished":"2017-07-29T12:46:57+00:00","dateModified":"2017-08-02T09:02:49+00:00","author":{"@id":"https:\/\/www.aguarda.es\/en\/#\/schema\/person\/c463ca3006858ffb349d11179d044f21"},"breadcrumb":{"@id":"https:\/\/www.aguarda.es\/en\/o-pregon-das-campionas-atletico-guardes-deu-comezo-xiv-festa-peixe-espada-no-porto-da-guarda\/#breadcrumb"},"inLanguage":"en-US","potentialAction":[{"@type":"ReadAction","target":["https:\/\/www.aguarda.es\/en\/o-pregon-das-campionas-atletico-guardes-deu-comezo-xiv-festa-peixe-espada-no-porto-da-guarda\/"]}]},{"@type":"BreadcrumbList","@id":"https:\/\/www.aguarda.es\/en\/o-pregon-das-campionas-atletico-guardes-deu-comezo-xiv-festa-peixe-espada-no-porto-da-guarda\/#breadcrumb","itemListElement":[{"@type":"ListItem","position":1,"name":"Portada","item":"https:\/\/www.aguarda.es\/en\/"},{"@type":"ListItem","position":2,"name":"O preg\u00f3n das campionas do Atl\u00e9tico Guard\u00e9s deu comezo \u00e1 XIV Festa do Peixe Espada no porto"}]},{"@type":"WebSite","@id":"https:\/\/www.aguarda.es\/en\/#website","url":"https:\/\/www.aguarda.es\/en\/","name":"Concello da Guarda","description":"P\u00e1xina web do concello da Guarda","potentialAction":[{"@type":"SearchAction","target":{"@type":"EntryPoint","urlTemplate":"https:\/\/www.aguarda.es\/en\/?s={search_term_string}"},"query-input":"required name=search_term_string"}],"inLanguage":"en-US"},{"@type":"Person","@id":"https:\/\/www.aguarda.es\/en\/#\/schema\/person\/c463ca3006858ffb349d11179d044f21","name":"prensa","image":{"@type":"ImageObject","inLanguage":"en-US","@id":"https:\/\/www.aguarda.es\/en\/#\/schema\/person\/image\/","url":"https:\/\/secure.gravatar.com\/avatar\/5f90ef536b0f98306edf5c7a1135ffa1?s=96&d=mm&r=g","contentUrl":"https:\/\/secure.gravatar.com\/avatar\/5f90ef536b0f98306edf5c7a1135ffa1?s=96&d=mm&r=g","caption":"prensa"},"url":"https:\/\/www.aguarda.es\/en\/author\/prensa\/"}]}},"_links":{"self":[{"href":"https:\/\/www.aguarda.es\/en\/wp-json\/wp\/v2\/posts\/9775"}],"collection":[{"href":"https:\/\/www.aguarda.es\/en\/wp-json\/wp\/v2\/posts"}],"about":[{"href":"https:\/\/www.aguarda.es\/en\/wp-json\/wp\/v2\/types\/post"}],"author":[{"embeddable":true,"href":"https:\/\/www.aguarda.es\/en\/wp-json\/wp\/v2\/users\/2"}],"replies":[{"embeddable":true,"href":"https:\/\/www.aguarda.es\/en\/wp-json\/wp\/v2\/comments?post=9775"}],"version-history":[{"count":7,"href":"https:\/\/www.aguarda.es\/en\/wp-json\/wp\/v2\/posts\/9775\/revisions"}],"predecessor-version":[{"id":9852,"href":"https:\/\/www.aguarda.es\/en\/wp-json\/wp\/v2\/posts\/9775\/revisions\/9852"}],"wp:featuredmedia":[{"embeddable":true,"href":"https:\/\/www.aguarda.es\/en\/wp-json\/wp\/v2\/media\/9770"}],"wp:attachment":[{"href":"https:\/\/www.aguarda.es\/en\/wp-json\/wp\/v2\/media?parent=9775"}],"wp:term":[{"taxonomy":"category","embeddable":true,"href":"https:\/\/www.aguarda.es\/en\/wp-json\/wp\/v2\/categories?post=9775"},{"taxonomy":"post_tag","embeddable":true,"href":"https:\/\/www.aguarda.es\/en\/wp-json\/wp\/v2\/tags?post=9775"}],"curies":[{"name":"wp","href":"https:\/\/api.w.org\/{rel}","templated":true}]}}