{"id":9889,"date":"2017-08-03T11:42:42","date_gmt":"2017-08-03T11:42:42","guid":{"rendered":"https:\/\/www.aguarda.es\/?p=9889"},"modified":"2017-08-03T12:31:14","modified_gmt":"2017-08-03T12:31:14","slug":"actividades-musicais-deportivas-e-relixiosas-copan-primeira-fin-de-semana-de-agosto-na-guarda","status":"publish","type":"post","link":"https:\/\/www.aguarda.es\/en\/actividades-musicais-deportivas-e-relixiosas-copan-primeira-fin-de-semana-de-agosto-na-guarda\/","title":{"rendered":"Actividades musicais, deportivas e relixiosas copan a primeira fin de semana de agosto na Guarda"},"content":{"rendered":"<p style=\"text-align: justify\"><em>Agosto arrinca na Guarda cunha primeira fin de semana cargada de actividades culturais, deportivas e relixiosas dirixidas a todo o p\u00fablico. A festa en honra a San Caetano comeza esta noite e rematar\u00e1 este domingo 6 de agosto no barrio da Cruzada, inclu\u00edndo programaci\u00f3n musical e gastron\u00f3mica, namentres as actividades deportivas concentraranse na xornada do s\u00e1bado, co Galifornia Beat e o Trofeo de H\u00f3ckey Li\u00f1a e a Carreira Pedestre no marco das Festas do Monte.<\/em><\/p>\n<p style=\"text-align: justify\">A programaci\u00f3n cultural comeza esta noite no Centro Cultural da Guarda, onde se celebrar\u00e1 o XXXI Certame de Poes\u00eda Feliciano Rol\u00e1n, organizado pola Agrupaci\u00f3n Cultural Guardesa. A cita ser\u00e1 \u00e1s 21.00 horas, contando coa presenza das persoas galardoadas no concurso literario: Isaura Lago, Roc\u00edo Leira e Ram\u00f3n Sandoval. A nota musical po\u00f1erana as pianistas Mar\u00eda Alonso e Laura Gonz\u00e1lez, cunha actuaci\u00f3n especial.<\/p>\n<p style=\"text-align: justify\">Como cada xoves, ademais, poderemos percorrer a vila da man da compa\u00f1\u00eda teatral Os Quinquill\u00e1ns, cunha interpretaci\u00f3n ambientada nos anos trinta coa que se pretende amosar dun xeito ameno e diferente a historia e o patrimonio da noso pobo. As <a href=\"https:\/\/www.aguarda.es\/wp-content\/uploads\/2017\/07\/07_CartelBando.pdf\">visitas teatralizadas<\/a> parten da Praza da Igrexa, \u00e1s 21.30 horas, e continua pola Praza do Rel\u00f3, a r\u00faa Col\u00f3n, a r\u00faa Baixo Muro, a r\u00faa Jos\u00e9 Mar\u00eda Lomba Pe\u00f1a e a r\u00faa Malteses ata chegar \u00f3 porto, onde haber\u00e1 unha actuaci\u00f3n musical.<\/p>\n<h5>Festas na honra de San Caetano<\/h5>\n<p style=\"text-align: justify\">O barrio da Cruzada da comezo \u00e1s <strong>Festas de San Caetano<\/strong> esta noite, \u00e1s 21.00 horas, coa subida do arco floral. Continuar\u00e1n as xornadas festivas o venres, coa sardi\u00f1ada a partir das 21.00 horas, seguida das actuaci\u00f3n da orquestra Costa Blanca; e o s\u00e1bado, coa gran verbena da man de Los Soprano e Ambar. \u00c1mbolos dous d\u00edas contar\u00e1n co pasacalles a cargo do grupo de gaitas A Boalleira.<\/p>\n<p style=\"text-align: justify\">O domingo pola ma\u00f1\u00e1 ser\u00e1 a quenda dos actos relixiosos, coa celebraci\u00f3n da misa solemne \u00e1s 11.30 horas e a posterior procesi\u00f3n partindo da capela de San Caetano, acompa\u00f1ada polo grupo de gaitas A Boalleira e o coro parroquial. Xa pola tarde, a partir das 19.00 horas, realizaranse as tradicionais puxas e, tras delas, o grupo de pop-rock guard\u00e9s Songodin\u2019s ofertar\u00e1 un concerto.<\/p>\n<h5>Deporte e cultura urbana no porto<\/h5>\n<p style=\"text-align: justify\">O s\u00e1bado 5 de agosto ser\u00e1 o gran d\u00eda do deporte. Especialmente, daqueles relacionados coa cultura urbana no marco da terceira edici\u00f3n de <strong>Galifornia Beat<\/strong>, organizada por Skateboarding360 en colaboraci\u00f3n co Concello da Guarda. O evento \u201cmultideportivo e multicultural\u201d, segundo o definen os organizadores, ter\u00e1 lugar na atalaia do porto guard\u00e9s a partir das 10.00 horas e contar\u00e1 con competici\u00f3ns en tres modalidades de <em>skateboarding<\/em>: <em>Street skate<\/em> ou patinaxe de r\u00faa; <em>miniramp<\/em>, na que os <em>skaters<\/em> fan uso de pequenas ramplas; e S.K.A.T.E, unha modalidade de competici\u00f3n a d\u00fao na que os contrincantes po\u00f1en a proba a destreza do outro na realizaci\u00f3n de determinados trucos.<\/p>\n<p style=\"text-align: justify\">As actividades deportivas compl\u00e9tanse coa oferta de clases de <em>break dance<\/em> e a pr\u00e1ctica de <em>flyboard<\/em> e <em>hoverboard<\/em>, d\u00faas modalidades acu\u00e1ticas que permiten elevarse sobre a auga e para cuxo desfrute \u00e9 preciso inscribirse previamente a trav\u00e9s da p\u00e1xina www.flyboardvigo.com. Amais destas, as persoas que se acheguen \u00e1 atalaia -na que haber\u00e1 postos de artesan\u00eda, comida, bebida e inchables para os cativos- poder\u00e1n presenciar as pintadas de graffitis e os concertos, que se celebrar\u00e1n a \u00faltima hora da tarde.<\/p>\n<h5>Primeiras actividades da Festa do Monte<\/h5>\n<p style=\"text-align: justify\">As primeiras actividades deportivas das Festas do Monte ser\u00e1n tam\u00e9n o s\u00e1bado, a partir das 18.00 horas. Por unha parte, no pavill\u00f3n das Solanas disputarase o <strong>Trofeo Festas do Monte de H\u00f3ckey Li\u00f1a<\/strong>, con categor\u00edas <em>senior<\/em> e <em>amateur<\/em>. Paralelamente, partir\u00e1 da Alameda da Guarda a tradicional <strong>Carreira Pedestre Popular<\/strong>, cuxa inscrici\u00f3n permanecer\u00e1 aberta ata ma\u00f1\u00e1 \u00e1s 19.00 horas, na p\u00e1xina www.trega.es. Tam\u00e9n \u00e9 posible a inscrici\u00f3n de xeito presencial, para o que as persoas interesadas deben achegarse ata a Alameda esta tarde entre as 18.00 e as 20.00 horas ou ma\u00f1\u00e1 entre as 17.30 e as 19.00 horas.<\/p>\n<p style=\"text-align: justify\">A Festa do Monte, con todo, arrincar\u00e1 oficialmente o pr\u00f3ximo luns, 7 de agosto, co \u00a0preg\u00f3n inaugural a cargo dun responsable do Real Club Celta de Vigo, precedido pola\u00a0benvida do alcalde do Concello da Guarda, Antonio Lomba. As grandes festas guardesas continuar\u00e1n durante toda a semana, cunha <a href=\"https:\/\/www.aguarda.es\/wp-content\/uploads\/2017\/08\/Programa-Festas-do-Monte.pdf\">programaci\u00f3n deportiva, cultural e l\u00fadica intensiva ata o 15 de agost<\/a>o.<\/p>\n<p>&nbsp;<\/p>\n<div class=\"wpmf-gallerys\"><div id=\"gallery-1\" data-id=\"gallery-1\" data-gutterwidth=\"5\" \n class=\"gallery flexslider carousel wpmfflexslider gallery-link-file wpmf-has-border-radius-0 wpmf-gutterwidth-5 wpmf-gg-multiple-columns\" data-wpmfcolumns=\"2\" data-auto_animation=\"1\" data-border-width=\"0\" data-shadow=\"0\"><ul class=\"slides wpmf-slides\"><\/ul><\/div><\/div>\n","protected":false},"excerpt":{"rendered":"<p>Agosto arrinca na Guarda cunha primeira fin de semana cargada de actividades culturais, deportivas e relixiosas dirixidas a todo o p\u00fablico. A festa en honra a San Caetano comeza esta noite e rematar\u00e1 este domingo 6 de agosto no barrio &hellip; <\/p>\n","protected":false},"author":2,"featured_media":9888,"comment_status":"open","ping_status":"open","sticky":false,"template":"","format":"standard","meta":[],"categories":[34,35,56],"tags":[457,455,454,456],"yoast_head":"<!-- This site is optimized with the Yoast SEO plugin v21.1 - https:\/\/yoast.com\/wordpress\/plugins\/seo\/ -->\n<title>Actividades musicais, deportivas e relixiosas copan a primeira fin de semana de agosto na Guarda - Concello da Guarda<\/title>\n<meta name=\"robots\" content=\"index, follow, max-snippet:-1, max-image-preview:large, max-video-preview:-1\" \/>\n<link rel=\"canonical\" href=\"https:\/\/www.aguarda.es\/en\/actividades-musicais-deportivas-e-relixiosas-copan-primeira-fin-de-semana-de-agosto-na-guarda\/\" \/>\n<meta property=\"og:locale\" content=\"en_US\" \/>\n<meta property=\"og:type\" content=\"article\" \/>\n<meta property=\"og:title\" content=\"Actividades musicais, deportivas e relixiosas copan a primeira fin de semana de agosto na Guarda - Concello da Guarda\" \/>\n<meta property=\"og:description\" content=\"Agosto arrinca na Guarda cunha primeira fin de semana cargada de actividades culturais, deportivas e relixiosas dirixidas a todo o p\u00fablico. A festa en honra a San Caetano comeza esta noite e rematar\u00e1 este domingo 6 de agosto no barrio &hellip;\" \/>\n<meta property=\"og:url\" content=\"https:\/\/www.aguarda.es\/en\/actividades-musicais-deportivas-e-relixiosas-copan-primeira-fin-de-semana-de-agosto-na-guarda\/\" \/>\n<meta property=\"og:site_name\" content=\"Concello da Guarda\" \/>\n<meta property=\"article:publisher\" content=\"https:\/\/www.facebook.com\/ConcellodaGuarda\" \/>\n<meta property=\"article:published_time\" content=\"2017-08-03T11:42:42+00:00\" \/>\n<meta property=\"article:modified_time\" content=\"2017-08-03T12:31:14+00:00\" \/>\n<meta property=\"og:image\" content=\"https:\/\/www.aguarda.es\/wp-content\/uploads\/2017\/08\/Carteis.jpg\" \/>\n\t<meta property=\"og:image:width\" content=\"956\" \/>\n\t<meta property=\"og:image:height\" content=\"403\" \/>\n\t<meta property=\"og:image:type\" content=\"image\/jpeg\" \/>\n<meta name=\"author\" content=\"prensa\" \/>\n<meta name=\"twitter:card\" content=\"summary_large_image\" \/>\n<meta name=\"twitter:creator\" content=\"@AGuarda_es\" \/>\n<meta name=\"twitter:site\" content=\"@AGuarda_es\" \/>\n<meta name=\"twitter:label1\" content=\"Written by\" \/>\n\t<meta name=\"twitter:data1\" content=\"prensa\" \/>\n\t<meta name=\"twitter:label2\" content=\"Est. reading time\" \/>\n\t<meta name=\"twitter:data2\" content=\"4 minutes\" \/>\n<script type=\"application\/ld+json\" class=\"yoast-schema-graph\">{\"@context\":\"https:\/\/schema.org\",\"@graph\":[{\"@type\":\"WebPage\",\"@id\":\"https:\/\/www.aguarda.es\/en\/actividades-musicais-deportivas-e-relixiosas-copan-primeira-fin-de-semana-de-agosto-na-guarda\/\",\"url\":\"https:\/\/www.aguarda.es\/en\/actividades-musicais-deportivas-e-relixiosas-copan-primeira-fin-de-semana-de-agosto-na-guarda\/\",\"name\":\"Actividades musicais, deportivas e relixiosas copan a primeira fin de semana de agosto na Guarda - Concello da Guarda\",\"isPartOf\":{\"@id\":\"https:\/\/www.aguarda.es\/en\/#website\"},\"datePublished\":\"2017-08-03T11:42:42+00:00\",\"dateModified\":\"2017-08-03T12:31:14+00:00\",\"author\":{\"@id\":\"https:\/\/www.aguarda.es\/en\/#\/schema\/person\/c463ca3006858ffb349d11179d044f21\"},\"breadcrumb\":{\"@id\":\"https:\/\/www.aguarda.es\/en\/actividades-musicais-deportivas-e-relixiosas-copan-primeira-fin-de-semana-de-agosto-na-guarda\/#breadcrumb\"},\"inLanguage\":\"en-US\",\"potentialAction\":[{\"@type\":\"ReadAction\",\"target\":[\"https:\/\/www.aguarda.es\/en\/actividades-musicais-deportivas-e-relixiosas-copan-primeira-fin-de-semana-de-agosto-na-guarda\/\"]}]},{\"@type\":\"BreadcrumbList\",\"@id\":\"https:\/\/www.aguarda.es\/en\/actividades-musicais-deportivas-e-relixiosas-copan-primeira-fin-de-semana-de-agosto-na-guarda\/#breadcrumb\",\"itemListElement\":[{\"@type\":\"ListItem\",\"position\":1,\"name\":\"Portada\",\"item\":\"https:\/\/www.aguarda.es\/en\/\"},{\"@type\":\"ListItem\",\"position\":2,\"name\":\"Actividades musicais, deportivas e relixiosas copan a primeira fin de semana de agosto na Guarda\"}]},{\"@type\":\"WebSite\",\"@id\":\"https:\/\/www.aguarda.es\/en\/#website\",\"url\":\"https:\/\/www.aguarda.es\/en\/\",\"name\":\"Concello da Guarda\",\"description\":\"P\u00e1xina web do concello da Guarda\",\"potentialAction\":[{\"@type\":\"SearchAction\",\"target\":{\"@type\":\"EntryPoint\",\"urlTemplate\":\"https:\/\/www.aguarda.es\/en\/?s={search_term_string}\"},\"query-input\":\"required name=search_term_string\"}],\"inLanguage\":\"en-US\"},{\"@type\":\"Person\",\"@id\":\"https:\/\/www.aguarda.es\/en\/#\/schema\/person\/c463ca3006858ffb349d11179d044f21\",\"name\":\"prensa\",\"image\":{\"@type\":\"ImageObject\",\"inLanguage\":\"en-US\",\"@id\":\"https:\/\/www.aguarda.es\/en\/#\/schema\/person\/image\/\",\"url\":\"https:\/\/secure.gravatar.com\/avatar\/5f90ef536b0f98306edf5c7a1135ffa1?s=96&d=mm&r=g\",\"contentUrl\":\"https:\/\/secure.gravatar.com\/avatar\/5f90ef536b0f98306edf5c7a1135ffa1?s=96&d=mm&r=g\",\"caption\":\"prensa\"},\"url\":\"https:\/\/www.aguarda.es\/en\/author\/prensa\/\"}]}<\/script>\n<!-- \/ Yoast SEO plugin. -->","yoast_head_json":{"title":"Actividades musicais, deportivas e relixiosas copan a primeira fin de semana de agosto na Guarda - Concello da Guarda","robots":{"index":"index","follow":"follow","max-snippet":"max-snippet:-1","max-image-preview":"max-image-preview:large","max-video-preview":"max-video-preview:-1"},"canonical":"https:\/\/www.aguarda.es\/en\/actividades-musicais-deportivas-e-relixiosas-copan-primeira-fin-de-semana-de-agosto-na-guarda\/","og_locale":"en_US","og_type":"article","og_title":"Actividades musicais, deportivas e relixiosas copan a primeira fin de semana de agosto na Guarda - Concello da Guarda","og_description":"Agosto arrinca na Guarda cunha primeira fin de semana cargada de actividades culturais, deportivas e relixiosas dirixidas a todo o p\u00fablico. A festa en honra a San Caetano comeza esta noite e rematar\u00e1 este domingo 6 de agosto no barrio &hellip;","og_url":"https:\/\/www.aguarda.es\/en\/actividades-musicais-deportivas-e-relixiosas-copan-primeira-fin-de-semana-de-agosto-na-guarda\/","og_site_name":"Concello da Guarda","article_publisher":"https:\/\/www.facebook.com\/ConcellodaGuarda","article_published_time":"2017-08-03T11:42:42+00:00","article_modified_time":"2017-08-03T12:31:14+00:00","og_image":[{"width":956,"height":403,"url":"https:\/\/www.aguarda.es\/wp-content\/uploads\/2017\/08\/Carteis.jpg","type":"image\/jpeg"}],"author":"prensa","twitter_card":"summary_large_image","twitter_creator":"@AGuarda_es","twitter_site":"@AGuarda_es","twitter_misc":{"Written by":"prensa","Est. reading time":"4 minutes"},"schema":{"@context":"https:\/\/schema.org","@graph":[{"@type":"WebPage","@id":"https:\/\/www.aguarda.es\/en\/actividades-musicais-deportivas-e-relixiosas-copan-primeira-fin-de-semana-de-agosto-na-guarda\/","url":"https:\/\/www.aguarda.es\/en\/actividades-musicais-deportivas-e-relixiosas-copan-primeira-fin-de-semana-de-agosto-na-guarda\/","name":"Actividades musicais, deportivas e relixiosas copan a primeira fin de semana de agosto na Guarda - Concello da Guarda","isPartOf":{"@id":"https:\/\/www.aguarda.es\/en\/#website"},"datePublished":"2017-08-03T11:42:42+00:00","dateModified":"2017-08-03T12:31:14+00:00","author":{"@id":"https:\/\/www.aguarda.es\/en\/#\/schema\/person\/c463ca3006858ffb349d11179d044f21"},"breadcrumb":{"@id":"https:\/\/www.aguarda.es\/en\/actividades-musicais-deportivas-e-relixiosas-copan-primeira-fin-de-semana-de-agosto-na-guarda\/#breadcrumb"},"inLanguage":"en-US","potentialAction":[{"@type":"ReadAction","target":["https:\/\/www.aguarda.es\/en\/actividades-musicais-deportivas-e-relixiosas-copan-primeira-fin-de-semana-de-agosto-na-guarda\/"]}]},{"@type":"BreadcrumbList","@id":"https:\/\/www.aguarda.es\/en\/actividades-musicais-deportivas-e-relixiosas-copan-primeira-fin-de-semana-de-agosto-na-guarda\/#breadcrumb","itemListElement":[{"@type":"ListItem","position":1,"name":"Portada","item":"https:\/\/www.aguarda.es\/en\/"},{"@type":"ListItem","position":2,"name":"Actividades musicais, deportivas e relixiosas copan a primeira fin de semana de agosto na Guarda"}]},{"@type":"WebSite","@id":"https:\/\/www.aguarda.es\/en\/#website","url":"https:\/\/www.aguarda.es\/en\/","name":"Concello da Guarda","description":"P\u00e1xina web do concello da Guarda","potentialAction":[{"@type":"SearchAction","target":{"@type":"EntryPoint","urlTemplate":"https:\/\/www.aguarda.es\/en\/?s={search_term_string}"},"query-input":"required name=search_term_string"}],"inLanguage":"en-US"},{"@type":"Person","@id":"https:\/\/www.aguarda.es\/en\/#\/schema\/person\/c463ca3006858ffb349d11179d044f21","name":"prensa","image":{"@type":"ImageObject","inLanguage":"en-US","@id":"https:\/\/www.aguarda.es\/en\/#\/schema\/person\/image\/","url":"https:\/\/secure.gravatar.com\/avatar\/5f90ef536b0f98306edf5c7a1135ffa1?s=96&d=mm&r=g","contentUrl":"https:\/\/secure.gravatar.com\/avatar\/5f90ef536b0f98306edf5c7a1135ffa1?s=96&d=mm&r=g","caption":"prensa"},"url":"https:\/\/www.aguarda.es\/en\/author\/prensa\/"}]}},"_links":{"self":[{"href":"https:\/\/www.aguarda.es\/en\/wp-json\/wp\/v2\/posts\/9889"}],"collection":[{"href":"https:\/\/www.aguarda.es\/en\/wp-json\/wp\/v2\/posts"}],"about":[{"href":"https:\/\/www.aguarda.es\/en\/wp-json\/wp\/v2\/types\/post"}],"author":[{"embeddable":true,"href":"https:\/\/www.aguarda.es\/en\/wp-json\/wp\/v2\/users\/2"}],"replies":[{"embeddable":true,"href":"https:\/\/www.aguarda.es\/en\/wp-json\/wp\/v2\/comments?post=9889"}],"version-history":[{"count":5,"href":"https:\/\/www.aguarda.es\/en\/wp-json\/wp\/v2\/posts\/9889\/revisions"}],"predecessor-version":[{"id":9899,"href":"https:\/\/www.aguarda.es\/en\/wp-json\/wp\/v2\/posts\/9889\/revisions\/9899"}],"wp:featuredmedia":[{"embeddable":true,"href":"https:\/\/www.aguarda.es\/en\/wp-json\/wp\/v2\/media\/9888"}],"wp:attachment":[{"href":"https:\/\/www.aguarda.es\/en\/wp-json\/wp\/v2\/media?parent=9889"}],"wp:term":[{"taxonomy":"category","embeddable":true,"href":"https:\/\/www.aguarda.es\/en\/wp-json\/wp\/v2\/categories?post=9889"},{"taxonomy":"post_tag","embeddable":true,"href":"https:\/\/www.aguarda.es\/en\/wp-json\/wp\/v2\/tags?post=9889"}],"curies":[{"name":"wp","href":"https:\/\/api.w.org\/{rel}","templated":true}]}}